{"id":60867,"date":"2025-11-01T09:55:00","date_gmt":"2025-11-01T07:55:00","guid":{"rendered":"https:\/\/rugute.lt\/?p=60867"},"modified":"2025-11-04T17:57:22","modified_gmt":"2025-11-04T15:57:22","slug":"tylos-ilgesio-ir-atminimo-laikas","status":"publish","type":"post","link":"https:\/\/rugute.lt\/en\/tylos-ilgesio-ir-atminimo-laikas\/","title":{"rendered":"Tylos, ilgesio ir atminimo laikas\u2026"},"content":{"rendered":"<p style=\"text-align: justify;\">Kai ruduo tyliai nubraukia paskutin\u012f med\u017eio lap\u0105, m\u016bs\u0173 \u0161irdys v\u0117l prisipildo gelian\u010dio ilgesio. \u0160iandien ir kasdien m\u016bs\u0173 jautriausioje atmintyje \u2013 j\u016bs\u0173 vardai, j\u016bs\u0173 \u0161ypsenos, j\u016bs\u0173 \u017evilgsniai, paliet\u0119 \u0161irdis ir lik\u0119 \u010dia \u2013 su mumis, mumyse.<\/p>\n<p style=\"text-align: justify;\">Teb\u016bnie \u0161is vakaras skirtas tylai. <br \/>Teb\u016bnie jis skirtas meilei, kuri niekada nesibaigia. <br \/>Prisiminimams, kurie yra tik m\u016bs\u0173.<\/p>\n<p style=\"text-align: justify;\">Malda JUMS ir u\u017e JUS&#8230;<\/p>","protected":false},"excerpt":{"rendered":"<p>Kai ruduo tyliai nubraukia paskutin\u012f med\u017eio lap\u0105, m\u016bs\u0173 \u0161irdys v\u0117l prisipildo gelian\u010dio ilgesio. \u0160iandien ir kasdien m\u016bs\u0173 jautriausioje atmintyje \u2013 j\u016bs\u0173 vardai, j\u016bs\u0173 \u0161ypsenos, j\u016bs\u0173 \u017evilgsniai, paliet\u0119 \u0161irdis ir lik\u0119 \u010dia \u2013 su mumis, mumyse. Teb\u016bnie \u0161is vakaras skirtas tylai. Teb\u016bnie jis skirtas meilei, kuri niekada nesibaigia. Prisiminimams, kurie yra tik m\u016bs\u0173. Malda JUMS ir [&hellip;]<\/p>\n","protected":false},"author":1,"featured_media":60868,"comment_status":"open","ping_status":"closed","sticky":false,"template":"","format":"standard","meta":{"footnotes":""},"categories":[1],"tags":[],"ppma_author":[249],"class_list":["post-60867","post","type-post","status-publish","format-standard","has-post-thumbnail","hentry","category-irasai"],"yoast_head":"<!-- This site is optimized with the Yoast SEO plugin v27.3 - https:\/\/yoast.com\/product\/yoast-seo-wordpress\/ -->\n<title>Tylos, ilgesio ir atminimo laikas\u2026 - Labdaros ir paramos fondas \u201eRugut\u0117\u201c<\/title>\n<meta name=\"description\" content=\"Kai ruduo tyliai nubraukia paskutin\u012f med\u017eio lap\u0105, m\u016bs\u0173 \u0161irdys v\u0117l prisipildo gelian\u010dio ilgesio. \u0160iandien ir kasdien m\u016bs\u0173 jautriausioje...\" \/>\n<meta name=\"robots\" content=\"index, follow, max-snippet:-1, max-image-preview:large, max-video-preview:-1\" \/>\n<link rel=\"canonical\" href=\"https:\/\/rugute.lt\/en\/tylos-ilgesio-ir-atminimo-laikas\/\" \/>\n<meta property=\"og:locale\" content=\"en_GB\" \/>\n<meta property=\"og:type\" content=\"article\" \/>\n<meta property=\"og:title\" content=\"Tylos, ilgesio ir atminimo laikas\u2026 - Labdaros ir paramos fondas \u201eRugut\u0117\u201c\" \/>\n<meta property=\"og:description\" content=\"Kai ruduo tyliai nubraukia paskutin\u012f med\u017eio lap\u0105, m\u016bs\u0173 \u0161irdys v\u0117l prisipildo gelian\u010dio ilgesio. \u0160iandien ir kasdien m\u016bs\u0173 jautriausioje...\" \/>\n<meta property=\"og:url\" content=\"https:\/\/rugute.lt\/en\/tylos-ilgesio-ir-atminimo-laikas\/\" \/>\n<meta property=\"og:site_name\" content=\"Labdaros ir paramos fondas \u201eRugut\u0117\u201c\" \/>\n<meta property=\"article:publisher\" content=\"https:\/\/www.facebook.com\/rugute\/\" \/>\n<meta property=\"article:published_time\" content=\"2025-11-01T07:55:00+00:00\" \/>\n<meta property=\"article:modified_time\" content=\"2025-11-04T15:57:22+00:00\" \/>\n<meta property=\"og:image\" content=\"https:\/\/rugute.lt\/wp-content\/uploads\/2025\/11\/Lapkritis.jpg\" \/>\n\t<meta property=\"og:image:width\" content=\"2000\" \/>\n\t<meta property=\"og:image:height\" content=\"1175\" \/>\n\t<meta property=\"og:image:type\" content=\"image\/jpeg\" \/>\n<meta name=\"author\" content=\"Labdaros ir paramos fondas \u201eRugut\u0117\u201c\" \/>\n<meta name=\"twitter:card\" content=\"summary_large_image\" \/>\n<meta name=\"twitter:creator\" content=\"@rugute\" \/>\n<meta name=\"twitter:site\" content=\"@rugute\" \/>\n<meta name=\"twitter:label1\" content=\"Written by\" \/>\n\t<meta name=\"twitter:data1\" content=\"Labdaros ir paramos fondas \u201eRugut\u0117\u201c\" \/>\n\t<meta name=\"twitter:label2\" content=\"Estimated reading time\" \/>\n\t<meta name=\"twitter:data2\" content=\"1 minute\" \/>\n<script type=\"application\/ld+json\" class=\"yoast-schema-graph\">{\"@context\":\"https:\\\/\\\/schema.org\",\"@graph\":[{\"@type\":\"Article\",\"@id\":\"https:\\\/\\\/rugute.lt\\\/tylos-ilgesio-ir-atminimo-laikas\\\/#article\",\"isPartOf\":{\"@id\":\"https:\\\/\\\/rugute.lt\\\/tylos-ilgesio-ir-atminimo-laikas\\\/\"},\"author\":{\"name\":\"Labdaros ir paramos fondas \u201eRugut\u0117\u201c\",\"@id\":\"https:\\\/\\\/rugute.lt\\\/#\\\/schema\\\/person\\\/22f718c56fde9098e0ecde9ef0d21c60\"},\"headline\":\"Tylos, ilgesio ir atminimo laikas\u2026\",\"datePublished\":\"2025-11-01T07:55:00+00:00\",\"dateModified\":\"2025-11-04T15:57:22+00:00\",\"mainEntityOfPage\":{\"@id\":\"https:\\\/\\\/rugute.lt\\\/tylos-ilgesio-ir-atminimo-laikas\\\/\"},\"wordCount\":71,\"commentCount\":0,\"publisher\":{\"@id\":\"https:\\\/\\\/rugute.lt\\\/#organization\"},\"image\":{\"@id\":\"https:\\\/\\\/rugute.lt\\\/tylos-ilgesio-ir-atminimo-laikas\\\/#primaryimage\"},\"thumbnailUrl\":\"https:\\\/\\\/rugute.lt\\\/wp-content\\\/uploads\\\/2025\\\/11\\\/Lapkritis.jpg\",\"articleSection\":[\"\u012era\u0161ai\"],\"inLanguage\":\"en-GB\"},{\"@type\":\"WebPage\",\"@id\":\"https:\\\/\\\/rugute.lt\\\/tylos-ilgesio-ir-atminimo-laikas\\\/\",\"url\":\"https:\\\/\\\/rugute.lt\\\/tylos-ilgesio-ir-atminimo-laikas\\\/\",\"name\":\"Tylos, ilgesio ir atminimo laikas\u2026 - Labdaros ir paramos fondas \u201eRugut\u0117\u201c\",\"isPartOf\":{\"@id\":\"https:\\\/\\\/rugute.lt\\\/#website\"},\"primaryImageOfPage\":{\"@id\":\"https:\\\/\\\/rugute.lt\\\/tylos-ilgesio-ir-atminimo-laikas\\\/#primaryimage\"},\"image\":{\"@id\":\"https:\\\/\\\/rugute.lt\\\/tylos-ilgesio-ir-atminimo-laikas\\\/#primaryimage\"},\"thumbnailUrl\":\"https:\\\/\\\/rugute.lt\\\/wp-content\\\/uploads\\\/2025\\\/11\\\/Lapkritis.jpg\",\"datePublished\":\"2025-11-01T07:55:00+00:00\",\"dateModified\":\"2025-11-04T15:57:22+00:00\",\"description\":\"Kai ruduo tyliai nubraukia paskutin\u012f med\u017eio lap\u0105, m\u016bs\u0173 \u0161irdys v\u0117l prisipildo gelian\u010dio ilgesio. \u0160iandien ir kasdien m\u016bs\u0173 jautriausioje...\",\"breadcrumb\":{\"@id\":\"https:\\\/\\\/rugute.lt\\\/tylos-ilgesio-ir-atminimo-laikas\\\/#breadcrumb\"},\"inLanguage\":\"en-GB\",\"potentialAction\":[{\"@type\":\"ReadAction\",\"target\":[\"https:\\\/\\\/rugute.lt\\\/tylos-ilgesio-ir-atminimo-laikas\\\/\"]}]},{\"@type\":\"ImageObject\",\"inLanguage\":\"en-GB\",\"@id\":\"https:\\\/\\\/rugute.lt\\\/tylos-ilgesio-ir-atminimo-laikas\\\/#primaryimage\",\"url\":\"https:\\\/\\\/rugute.lt\\\/wp-content\\\/uploads\\\/2025\\\/11\\\/Lapkritis.jpg\",\"contentUrl\":\"https:\\\/\\\/rugute.lt\\\/wp-content\\\/uploads\\\/2025\\\/11\\\/Lapkritis.jpg\",\"width\":2000,\"height\":1175,\"caption\":\"Lapkritis\"},{\"@type\":\"BreadcrumbList\",\"@id\":\"https:\\\/\\\/rugute.lt\\\/tylos-ilgesio-ir-atminimo-laikas\\\/#breadcrumb\",\"itemListElement\":[{\"@type\":\"ListItem\",\"position\":1,\"name\":\"Prad\u017eia\",\"item\":\"https:\\\/\\\/rugute.lt\\\/\"},{\"@type\":\"ListItem\",\"position\":2,\"name\":\"\u012era\u0161ai\",\"item\":\"https:\\\/\\\/rugute.lt\\\/irasai\\\/\"},{\"@type\":\"ListItem\",\"position\":3,\"name\":\"Tylos, ilgesio ir atminimo laikas\u2026\"}]},{\"@type\":\"WebSite\",\"@id\":\"https:\\\/\\\/rugute.lt\\\/#website\",\"url\":\"https:\\\/\\\/rugute.lt\\\/\",\"name\":\"Labdaros ir paramos fondas \u201eRugut\u0117\u201c\",\"description\":\"Parama vaikams sergantiems v\u0117\u017eiu\",\"publisher\":{\"@id\":\"https:\\\/\\\/rugute.lt\\\/#organization\"},\"potentialAction\":[{\"@type\":\"SearchAction\",\"target\":{\"@type\":\"EntryPoint\",\"urlTemplate\":\"https:\\\/\\\/rugute.lt\\\/?s={search_term_string}\"},\"query-input\":{\"@type\":\"PropertyValueSpecification\",\"valueRequired\":true,\"valueName\":\"search_term_string\"}}],\"inLanguage\":\"en-GB\"},{\"@type\":\"Organization\",\"@id\":\"https:\\\/\\\/rugute.lt\\\/#organization\",\"name\":\"Labdaros ir paramos fondas \u201eRugut\u0117\u201c\",\"url\":\"https:\\\/\\\/rugute.lt\\\/\",\"logo\":{\"@type\":\"ImageObject\",\"inLanguage\":\"en-GB\",\"@id\":\"https:\\\/\\\/rugute.lt\\\/#\\\/schema\\\/logo\\\/image\\\/\",\"url\":\"https:\\\/\\\/rugute.lt\\\/wp-content\\\/uploads\\\/2021\\\/09\\\/Rugute_logo-b.svg\",\"contentUrl\":\"https:\\\/\\\/rugute.lt\\\/wp-content\\\/uploads\\\/2021\\\/09\\\/Rugute_logo-b.svg\",\"width\":585,\"height\":583,\"caption\":\"Labdaros ir paramos fondas \u201eRugut\u0117\u201c\"},\"image\":{\"@id\":\"https:\\\/\\\/rugute.lt\\\/#\\\/schema\\\/logo\\\/image\\\/\"},\"sameAs\":[\"https:\\\/\\\/www.facebook.com\\\/rugute\\\/\",\"https:\\\/\\\/x.com\\\/rugute\",\"https:\\\/\\\/www.instagram.com\\\/rugute.lt\\\/\",\"https:\\\/\\\/www.linkedin.com\\\/company\\\/rugute\",\"https:\\\/\\\/www.youtube.com\\\/user\\\/Rugute\\\/videos\",\"https:\\\/\\\/lt.wikipedia.org\\\/wiki\\\/Rugut\u0117\"]},{\"@type\":\"Person\",\"@id\":\"https:\\\/\\\/rugute.lt\\\/#\\\/schema\\\/person\\\/22f718c56fde9098e0ecde9ef0d21c60\",\"name\":\"Labdaros ir paramos fondas \u201eRugut\u0117\u201c\",\"image\":{\"@type\":\"ImageObject\",\"inLanguage\":\"en-GB\",\"@id\":\"https:\\\/\\\/rugute.lt\\\/wp-content\\\/uploads\\\/2021\\\/09\\\/Rugute_logo-c.svge93f40f5525813f02d1916a491d590a1\",\"url\":\"https:\\\/\\\/rugute.lt\\\/wp-content\\\/uploads\\\/2021\\\/09\\\/Rugute_logo-c.svg\",\"contentUrl\":\"https:\\\/\\\/rugute.lt\\\/wp-content\\\/uploads\\\/2021\\\/09\\\/Rugute_logo-c.svg\",\"caption\":\"Labdaros ir paramos fondas \u201eRugut\u0117\u201c\"}}]}<\/script>\n<!-- \/ Yoast SEO plugin. -->","yoast_head_json":{"title":"Tylos, ilgesio ir atminimo laikas\u2026 - Labdaros ir paramos fondas \u201eRugut\u0117\u201c","description":"Kai ruduo tyliai nubraukia paskutin\u012f med\u017eio lap\u0105, m\u016bs\u0173 \u0161irdys v\u0117l prisipildo gelian\u010dio ilgesio. \u0160iandien ir kasdien m\u016bs\u0173 jautriausioje...","robots":{"index":"index","follow":"follow","max-snippet":"max-snippet:-1","max-image-preview":"max-image-preview:large","max-video-preview":"max-video-preview:-1"},"canonical":"https:\/\/rugute.lt\/en\/tylos-ilgesio-ir-atminimo-laikas\/","og_locale":"en_GB","og_type":"article","og_title":"Tylos, ilgesio ir atminimo laikas\u2026 - Labdaros ir paramos fondas \u201eRugut\u0117\u201c","og_description":"Kai ruduo tyliai nubraukia paskutin\u012f med\u017eio lap\u0105, m\u016bs\u0173 \u0161irdys v\u0117l prisipildo gelian\u010dio ilgesio. \u0160iandien ir kasdien m\u016bs\u0173 jautriausioje...","og_url":"https:\/\/rugute.lt\/en\/tylos-ilgesio-ir-atminimo-laikas\/","og_site_name":"Labdaros ir paramos fondas \u201eRugut\u0117\u201c","article_publisher":"https:\/\/www.facebook.com\/rugute\/","article_published_time":"2025-11-01T07:55:00+00:00","article_modified_time":"2025-11-04T15:57:22+00:00","og_image":[{"width":2000,"height":1175,"url":"https:\/\/rugute.lt\/wp-content\/uploads\/2025\/11\/Lapkritis.jpg","type":"image\/jpeg"}],"author":"Labdaros ir paramos fondas \u201eRugut\u0117\u201c","twitter_card":"summary_large_image","twitter_creator":"@rugute","twitter_site":"@rugute","twitter_misc":{"Written by":"Labdaros ir paramos fondas \u201eRugut\u0117\u201c","Estimated reading time":"1 minute"},"schema":{"@context":"https:\/\/schema.org","@graph":[{"@type":"Article","@id":"https:\/\/rugute.lt\/tylos-ilgesio-ir-atminimo-laikas\/#article","isPartOf":{"@id":"https:\/\/rugute.lt\/tylos-ilgesio-ir-atminimo-laikas\/"},"author":{"name":"Labdaros ir paramos fondas \u201eRugut\u0117\u201c","@id":"https:\/\/rugute.lt\/#\/schema\/person\/22f718c56fde9098e0ecde9ef0d21c60"},"headline":"Tylos, ilgesio ir atminimo laikas\u2026","datePublished":"2025-11-01T07:55:00+00:00","dateModified":"2025-11-04T15:57:22+00:00","mainEntityOfPage":{"@id":"https:\/\/rugute.lt\/tylos-ilgesio-ir-atminimo-laikas\/"},"wordCount":71,"commentCount":0,"publisher":{"@id":"https:\/\/rugute.lt\/#organization"},"image":{"@id":"https:\/\/rugute.lt\/tylos-ilgesio-ir-atminimo-laikas\/#primaryimage"},"thumbnailUrl":"https:\/\/rugute.lt\/wp-content\/uploads\/2025\/11\/Lapkritis.jpg","articleSection":["\u012era\u0161ai"],"inLanguage":"en-GB"},{"@type":"WebPage","@id":"https:\/\/rugute.lt\/tylos-ilgesio-ir-atminimo-laikas\/","url":"https:\/\/rugute.lt\/tylos-ilgesio-ir-atminimo-laikas\/","name":"Tylos, ilgesio ir atminimo laikas\u2026 - Labdaros ir paramos fondas \u201eRugut\u0117\u201c","isPartOf":{"@id":"https:\/\/rugute.lt\/#website"},"primaryImageOfPage":{"@id":"https:\/\/rugute.lt\/tylos-ilgesio-ir-atminimo-laikas\/#primaryimage"},"image":{"@id":"https:\/\/rugute.lt\/tylos-ilgesio-ir-atminimo-laikas\/#primaryimage"},"thumbnailUrl":"https:\/\/rugute.lt\/wp-content\/uploads\/2025\/11\/Lapkritis.jpg","datePublished":"2025-11-01T07:55:00+00:00","dateModified":"2025-11-04T15:57:22+00:00","description":"Kai ruduo tyliai nubraukia paskutin\u012f med\u017eio lap\u0105, m\u016bs\u0173 \u0161irdys v\u0117l prisipildo gelian\u010dio ilgesio. \u0160iandien ir kasdien m\u016bs\u0173 jautriausioje...","breadcrumb":{"@id":"https:\/\/rugute.lt\/tylos-ilgesio-ir-atminimo-laikas\/#breadcrumb"},"inLanguage":"en-GB","potentialAction":[{"@type":"ReadAction","target":["https:\/\/rugute.lt\/tylos-ilgesio-ir-atminimo-laikas\/"]}]},{"@type":"ImageObject","inLanguage":"en-GB","@id":"https:\/\/rugute.lt\/tylos-ilgesio-ir-atminimo-laikas\/#primaryimage","url":"https:\/\/rugute.lt\/wp-content\/uploads\/2025\/11\/Lapkritis.jpg","contentUrl":"https:\/\/rugute.lt\/wp-content\/uploads\/2025\/11\/Lapkritis.jpg","width":2000,"height":1175,"caption":"Lapkritis"},{"@type":"BreadcrumbList","@id":"https:\/\/rugute.lt\/tylos-ilgesio-ir-atminimo-laikas\/#breadcrumb","itemListElement":[{"@type":"ListItem","position":1,"name":"Prad\u017eia","item":"https:\/\/rugute.lt\/"},{"@type":"ListItem","position":2,"name":"\u012era\u0161ai","item":"https:\/\/rugute.lt\/irasai\/"},{"@type":"ListItem","position":3,"name":"Tylos, ilgesio ir atminimo laikas\u2026"}]},{"@type":"WebSite","@id":"https:\/\/rugute.lt\/#website","url":"https:\/\/rugute.lt\/","name":"Childhood Cancer Fund Rugut\u0117","description":"Parama vaikams sergantiems v\u0117\u017eiu","publisher":{"@id":"https:\/\/rugute.lt\/#organization"},"potentialAction":[{"@type":"SearchAction","target":{"@type":"EntryPoint","urlTemplate":"https:\/\/rugute.lt\/?s={search_term_string}"},"query-input":{"@type":"PropertyValueSpecification","valueRequired":true,"valueName":"search_term_string"}}],"inLanguage":"en-GB"},{"@type":"Organization","@id":"https:\/\/rugute.lt\/#organization","name":"Childhood Cancer Fund Rugut\u0117","url":"https:\/\/rugute.lt\/","logo":{"@type":"ImageObject","inLanguage":"en-GB","@id":"https:\/\/rugute.lt\/#\/schema\/logo\/image\/","url":"https:\/\/rugute.lt\/wp-content\/uploads\/2021\/09\/Rugute_logo-b.svg","contentUrl":"https:\/\/rugute.lt\/wp-content\/uploads\/2021\/09\/Rugute_logo-b.svg","width":585,"height":583,"caption":"Labdaros ir paramos fondas \u201eRugut\u0117\u201c"},"image":{"@id":"https:\/\/rugute.lt\/#\/schema\/logo\/image\/"},"sameAs":["https:\/\/www.facebook.com\/rugute\/","https:\/\/x.com\/rugute","https:\/\/www.instagram.com\/rugute.lt\/","https:\/\/www.linkedin.com\/company\/rugute","https:\/\/www.youtube.com\/user\/Rugute\/videos","https:\/\/lt.wikipedia.org\/wiki\/Rugut\u0117"]},{"@type":"Person","@id":"https:\/\/rugute.lt\/#\/schema\/person\/22f718c56fde9098e0ecde9ef0d21c60","name":"Childhood Cancer Fund Rugut\u0117","image":{"@type":"ImageObject","inLanguage":"en-GB","@id":"https:\/\/rugute.lt\/wp-content\/uploads\/2021\/09\/Rugute_logo-c.svge93f40f5525813f02d1916a491d590a1","url":"https:\/\/rugute.lt\/wp-content\/uploads\/2021\/09\/Rugute_logo-c.svg","contentUrl":"https:\/\/rugute.lt\/wp-content\/uploads\/2021\/09\/Rugute_logo-c.svg","caption":"Labdaros ir paramos fondas \u201eRugut\u0117\u201c"}}]}},"authors":[{"term_id":249,"user_id":1,"is_guest":0,"slug":"rugute","display_name":"Labdaros ir paramos fondas \u201eRugut\u0117\u201c","avatar_url":{"url":"https:\/\/rugute.lt\/wp-content\/uploads\/2021\/09\/Rugute_logo-c.svg","url2x":"https:\/\/rugute.lt\/wp-content\/uploads\/2021\/09\/Rugute_logo-c.svg"},"0":null,"1":"","2":"","3":"","4":"","5":"","6":"","7":"","8":""}],"_links":{"self":[{"href":"https:\/\/rugute.lt\/en\/wp-json\/wp\/v2\/posts\/60867","targetHints":{"allow":["GET"]}}],"collection":[{"href":"https:\/\/rugute.lt\/en\/wp-json\/wp\/v2\/posts"}],"about":[{"href":"https:\/\/rugute.lt\/en\/wp-json\/wp\/v2\/types\/post"}],"author":[{"embeddable":true,"href":"https:\/\/rugute.lt\/en\/wp-json\/wp\/v2\/users\/1"}],"replies":[{"embeddable":true,"href":"https:\/\/rugute.lt\/en\/wp-json\/wp\/v2\/comments?post=60867"}],"version-history":[{"count":0,"href":"https:\/\/rugute.lt\/en\/wp-json\/wp\/v2\/posts\/60867\/revisions"}],"wp:featuredmedia":[{"embeddable":true,"href":"https:\/\/rugute.lt\/en\/wp-json\/wp\/v2\/media\/60868"}],"wp:attachment":[{"href":"https:\/\/rugute.lt\/en\/wp-json\/wp\/v2\/media?parent=60867"}],"wp:term":[{"taxonomy":"category","embeddable":true,"href":"https:\/\/rugute.lt\/en\/wp-json\/wp\/v2\/categories?post=60867"},{"taxonomy":"post_tag","embeddable":true,"href":"https:\/\/rugute.lt\/en\/wp-json\/wp\/v2\/tags?post=60867"},{"taxonomy":"author","embeddable":true,"href":"https:\/\/rugute.lt\/en\/wp-json\/wp\/v2\/ppma_author?post=60867"}],"curies":[{"name":"wp","href":"https:\/\/api.w.org\/{rel}","templated":true}]}}