{"id":59951,"date":"2025-06-19T17:01:51","date_gmt":"2025-06-19T14:01:51","guid":{"rendered":"https:\/\/rugute.lt\/?p=59951"},"modified":"2025-07-01T17:12:01","modified_gmt":"2025-07-01T14:12:01","slug":"airijos-lietuviu-sviesa","status":"publish","type":"post","link":"https:\/\/rugute.lt\/en\/airijos-lietuviu-sviesa\/","title":{"rendered":"Airijos lietuvi\u0173 \u0161viesa"},"content":{"rendered":"<p style=\"text-align: justify;\">Su organizacija <a href=\"https:\/\/www.facebook.com\/groups\/719035864811111\/\" target=\"_blank\" rel=\"noopener\">\u201eAirijos lietuviams r\u016bpi\u201c<\/a> ir Airijoje gyvenan\u010diais lietuviais \u201eRugut\u0119\u201c sieja ilgamet\u0117 draugyst\u0117. Daugel\u012f met\u0173 j\u0173 r\u016bpestis lydi vis kitus vaikus, einan\u010dius nelengvu onkologin\u0117s ligos keliu. J\u0173 organizuojami renginiai ir skiriama parama ne tik suteikia daugiau galimybi\u0173 ma\u017eiesiems pacientams, bet ir padeda i\u0161girsti vis daugiau s\u0117km\u0117s istorij\u0173.<\/p>\n<p style=\"text-align: justify;\">Tad ir \u0161\u012f kart\u0105 nuo\u0161ird\u017eiai lenkiam\u0117s visiems, kurie skleid\u0117 palank\u0173 v\u0117j\u0105. A\u010di\u016b \u201eRugut\u0117s\u201c ambasadorei Airijoje <a href=\"https:\/\/www.facebook.com\/ausra.vekrikiene\/\" target=\"_blank\" rel=\"noopener\">Au\u0161rai Vekrikienei<\/a>. \u0160iltai apkabiname organizacijos <a href=\"https:\/\/www.airijoslietuviamsrupi.com\/\" target=\"_blank\" rel=\"noopener\">\u201eAirijos lietuviams r\u016bpi\u201c<\/a> siel\u0105 <a href=\"https:\/\/www.facebook.com\/rita.bagdoniene\" target=\"_blank\" rel=\"noopener\">Rit\u0105 Mock\u0119<\/a>. D\u0117kojame <a href=\"https:\/\/www.facebook.com\/mullingarlb\" target=\"_blank\" rel=\"noopener\">Mullingaro lietuvi\u0173 bendruomenei<\/a> ir <a href=\"https:\/\/www.facebook.com\/daiva.kasikauskiene\" target=\"_blank\" rel=\"noopener\">Daivai Kasikauskienei<\/a> u\u017e palaikym\u0105.<\/p>\n<p style=\"text-align: justify;\">J\u016bs\u0173 gerumas ir parama tampa ne\u012fkainojama viltimi vaikams ir j\u0173 \u0161eimoms sunkiame i\u0161bandym\u0173 kelyje.<\/p>\n<p><a href=\"https:\/\/www.facebook.com\/groups\/719035864811111\/posts\/9856211071093499\" target=\"_blank\" rel=\"noopener\">Skaitykite<\/a><\/p>\n\n\n\n<p><\/p>","protected":false},"excerpt":{"rendered":"<p>Su organizacija \u201eAirijos lietuviams r\u016bpi\u201c ir Airijoje gyvenan\u010diais lietuviais \u201eRugut\u0119\u201c sieja ilgamet\u0117 draugyst\u0117. Daugel\u012f met\u0173 j\u0173 r\u016bpestis lydi vis kitus vaikus, einan\u010dius nelengvu onkologin\u0117s ligos keliu. J\u0173 organizuojami renginiai ir skiriama parama ne tik suteikia daugiau galimybi\u0173 ma\u017eiesiems pacientams, bet ir padeda i\u0161girsti vis daugiau s\u0117km\u0117s istorij\u0173. Tad ir \u0161\u012f kart\u0105 nuo\u0161ird\u017eiai lenkiam\u0117s visiems, kurie [&hellip;]<\/p>\n","protected":false},"author":1,"featured_media":59952,"comment_status":"open","ping_status":"closed","sticky":false,"template":"","format":"standard","meta":{"footnotes":""},"categories":[261],"tags":[],"ppma_author":[249],"class_list":["post-59951","post","type-post","status-publish","format-standard","has-post-thumbnail","hentry","category-iniciatyvos-is-uzsienio"],"yoast_head":"<!-- This site is optimized with the Yoast SEO plugin v27.3 - https:\/\/yoast.com\/product\/yoast-seo-wordpress\/ -->\n<title>Airijos lietuvi\u0173 \u0161viesa - Labdaros ir paramos fondas \u201eRugut\u0117\u201c<\/title>\n<meta name=\"description\" content=\"Su organizacija \u201eAirijos lietuviams r\u016bpi\u201c ir Airijoje gyvenan\u010diais lietuviais \u201eRugut\u0119\u201c sieja ilgamet\u0117 draugyst\u0117. Daugel\u012f met\u0173 j\u0173 r\u016bpestis...\" \/>\n<meta name=\"robots\" content=\"index, follow, max-snippet:-1, max-image-preview:large, max-video-preview:-1\" \/>\n<link rel=\"canonical\" href=\"https:\/\/rugute.lt\/en\/airijos-lietuviu-sviesa\/\" \/>\n<meta property=\"og:locale\" content=\"en_GB\" \/>\n<meta property=\"og:type\" content=\"article\" \/>\n<meta property=\"og:title\" content=\"Airijos lietuvi\u0173 \u0161viesa - Labdaros ir paramos fondas \u201eRugut\u0117\u201c\" \/>\n<meta property=\"og:description\" content=\"Su organizacija \u201eAirijos lietuviams r\u016bpi\u201c ir Airijoje gyvenan\u010diais lietuviais \u201eRugut\u0119\u201c sieja ilgamet\u0117 draugyst\u0117. Daugel\u012f met\u0173 j\u0173 r\u016bpestis...\" \/>\n<meta property=\"og:url\" content=\"https:\/\/rugute.lt\/en\/airijos-lietuviu-sviesa\/\" \/>\n<meta property=\"og:site_name\" content=\"Labdaros ir paramos fondas \u201eRugut\u0117\u201c\" \/>\n<meta property=\"article:publisher\" content=\"https:\/\/www.facebook.com\/rugute\/\" \/>\n<meta property=\"article:published_time\" content=\"2025-06-19T14:01:51+00:00\" \/>\n<meta property=\"article:modified_time\" content=\"2025-07-01T14:12:01+00:00\" \/>\n<meta property=\"og:image\" content=\"https:\/\/rugute.lt\/wp-content\/uploads\/2025\/07\/250619-AirijosLR-scaled.jpg\" \/>\n\t<meta property=\"og:image:width\" content=\"2560\" \/>\n\t<meta property=\"og:image:height\" content=\"1280\" \/>\n\t<meta property=\"og:image:type\" content=\"image\/jpeg\" \/>\n<meta name=\"author\" content=\"Labdaros ir paramos fondas \u201eRugut\u0117\u201c\" \/>\n<meta name=\"twitter:card\" content=\"summary_large_image\" \/>\n<meta name=\"twitter:creator\" content=\"@rugute\" \/>\n<meta name=\"twitter:site\" content=\"@rugute\" \/>\n<meta name=\"twitter:label1\" content=\"Written by\" \/>\n\t<meta name=\"twitter:data1\" content=\"Labdaros ir paramos fondas \u201eRugut\u0117\u201c\" \/>\n\t<meta name=\"twitter:label2\" content=\"Estimated reading time\" \/>\n\t<meta name=\"twitter:data2\" content=\"1 minute\" \/>\n<script type=\"application\/ld+json\" class=\"yoast-schema-graph\">{\"@context\":\"https:\\\/\\\/schema.org\",\"@graph\":[{\"@type\":\"Article\",\"@id\":\"https:\\\/\\\/rugute.lt\\\/airijos-lietuviu-sviesa\\\/#article\",\"isPartOf\":{\"@id\":\"https:\\\/\\\/rugute.lt\\\/airijos-lietuviu-sviesa\\\/\"},\"author\":{\"name\":\"Labdaros ir paramos fondas \u201eRugut\u0117\u201c\",\"@id\":\"https:\\\/\\\/rugute.lt\\\/#\\\/schema\\\/person\\\/22f718c56fde9098e0ecde9ef0d21c60\"},\"headline\":\"Airijos lietuvi\u0173 \u0161viesa\",\"datePublished\":\"2025-06-19T14:01:51+00:00\",\"dateModified\":\"2025-07-01T14:12:01+00:00\",\"mainEntityOfPage\":{\"@id\":\"https:\\\/\\\/rugute.lt\\\/airijos-lietuviu-sviesa\\\/\"},\"wordCount\":120,\"commentCount\":0,\"publisher\":{\"@id\":\"https:\\\/\\\/rugute.lt\\\/#organization\"},\"image\":{\"@id\":\"https:\\\/\\\/rugute.lt\\\/airijos-lietuviu-sviesa\\\/#primaryimage\"},\"thumbnailUrl\":\"https:\\\/\\\/rugute.lt\\\/wp-content\\\/uploads\\\/2025\\\/07\\\/250619-AirijosLR-scaled.jpg\",\"articleSection\":[\"Iniciatyvos i\u0161 u\u017esienio\"],\"inLanguage\":\"en-GB\"},{\"@type\":\"WebPage\",\"@id\":\"https:\\\/\\\/rugute.lt\\\/airijos-lietuviu-sviesa\\\/\",\"url\":\"https:\\\/\\\/rugute.lt\\\/airijos-lietuviu-sviesa\\\/\",\"name\":\"Airijos lietuvi\u0173 \u0161viesa - Labdaros ir paramos fondas \u201eRugut\u0117\u201c\",\"isPartOf\":{\"@id\":\"https:\\\/\\\/rugute.lt\\\/#website\"},\"primaryImageOfPage\":{\"@id\":\"https:\\\/\\\/rugute.lt\\\/airijos-lietuviu-sviesa\\\/#primaryimage\"},\"image\":{\"@id\":\"https:\\\/\\\/rugute.lt\\\/airijos-lietuviu-sviesa\\\/#primaryimage\"},\"thumbnailUrl\":\"https:\\\/\\\/rugute.lt\\\/wp-content\\\/uploads\\\/2025\\\/07\\\/250619-AirijosLR-scaled.jpg\",\"datePublished\":\"2025-06-19T14:01:51+00:00\",\"dateModified\":\"2025-07-01T14:12:01+00:00\",\"description\":\"Su organizacija \u201eAirijos lietuviams r\u016bpi\u201c ir Airijoje gyvenan\u010diais lietuviais \u201eRugut\u0119\u201c sieja ilgamet\u0117 draugyst\u0117. Daugel\u012f met\u0173 j\u0173 r\u016bpestis...\",\"breadcrumb\":{\"@id\":\"https:\\\/\\\/rugute.lt\\\/airijos-lietuviu-sviesa\\\/#breadcrumb\"},\"inLanguage\":\"en-GB\",\"potentialAction\":[{\"@type\":\"ReadAction\",\"target\":[\"https:\\\/\\\/rugute.lt\\\/airijos-lietuviu-sviesa\\\/\"]}]},{\"@type\":\"ImageObject\",\"inLanguage\":\"en-GB\",\"@id\":\"https:\\\/\\\/rugute.lt\\\/airijos-lietuviu-sviesa\\\/#primaryimage\",\"url\":\"https:\\\/\\\/rugute.lt\\\/wp-content\\\/uploads\\\/2025\\\/07\\\/250619-AirijosLR-scaled.jpg\",\"contentUrl\":\"https:\\\/\\\/rugute.lt\\\/wp-content\\\/uploads\\\/2025\\\/07\\\/250619-AirijosLR-scaled.jpg\",\"width\":2560,\"height\":1280,\"caption\":\"Airijos lietuviams r\u016bpi\"},{\"@type\":\"BreadcrumbList\",\"@id\":\"https:\\\/\\\/rugute.lt\\\/airijos-lietuviu-sviesa\\\/#breadcrumb\",\"itemListElement\":[{\"@type\":\"ListItem\",\"position\":1,\"name\":\"Prad\u017eia\",\"item\":\"https:\\\/\\\/rugute.lt\\\/\"},{\"@type\":\"ListItem\",\"position\":2,\"name\":\"Paramos Iniciatyvos\",\"item\":\"https:\\\/\\\/rugute.lt\\\/paramos-iniciatyvos\\\/\"},{\"@type\":\"ListItem\",\"position\":3,\"name\":\"Iniciatyvos i\u0161 u\u017esienio\",\"item\":\"https:\\\/\\\/rugute.lt\\\/paramos-iniciatyvos\\\/iniciatyvos-is-uzsienio\\\/\"},{\"@type\":\"ListItem\",\"position\":4,\"name\":\"Airijos lietuvi\u0173 \u0161viesa\"}]},{\"@type\":\"WebSite\",\"@id\":\"https:\\\/\\\/rugute.lt\\\/#website\",\"url\":\"https:\\\/\\\/rugute.lt\\\/\",\"name\":\"Labdaros ir paramos fondas \u201eRugut\u0117\u201c\",\"description\":\"Parama vaikams sergantiems v\u0117\u017eiu\",\"publisher\":{\"@id\":\"https:\\\/\\\/rugute.lt\\\/#organization\"},\"potentialAction\":[{\"@type\":\"SearchAction\",\"target\":{\"@type\":\"EntryPoint\",\"urlTemplate\":\"https:\\\/\\\/rugute.lt\\\/?s={search_term_string}\"},\"query-input\":{\"@type\":\"PropertyValueSpecification\",\"valueRequired\":true,\"valueName\":\"search_term_string\"}}],\"inLanguage\":\"en-GB\"},{\"@type\":\"Organization\",\"@id\":\"https:\\\/\\\/rugute.lt\\\/#organization\",\"name\":\"Labdaros ir paramos fondas \u201eRugut\u0117\u201c\",\"url\":\"https:\\\/\\\/rugute.lt\\\/\",\"logo\":{\"@type\":\"ImageObject\",\"inLanguage\":\"en-GB\",\"@id\":\"https:\\\/\\\/rugute.lt\\\/#\\\/schema\\\/logo\\\/image\\\/\",\"url\":\"https:\\\/\\\/rugute.lt\\\/wp-content\\\/uploads\\\/2021\\\/09\\\/Rugute_logo-b.svg\",\"contentUrl\":\"https:\\\/\\\/rugute.lt\\\/wp-content\\\/uploads\\\/2021\\\/09\\\/Rugute_logo-b.svg\",\"width\":585,\"height\":583,\"caption\":\"Labdaros ir paramos fondas \u201eRugut\u0117\u201c\"},\"image\":{\"@id\":\"https:\\\/\\\/rugute.lt\\\/#\\\/schema\\\/logo\\\/image\\\/\"},\"sameAs\":[\"https:\\\/\\\/www.facebook.com\\\/rugute\\\/\",\"https:\\\/\\\/x.com\\\/rugute\",\"https:\\\/\\\/www.instagram.com\\\/rugute.lt\\\/\",\"https:\\\/\\\/www.linkedin.com\\\/company\\\/rugute\",\"https:\\\/\\\/www.youtube.com\\\/user\\\/Rugute\\\/videos\",\"https:\\\/\\\/lt.wikipedia.org\\\/wiki\\\/Rugut\u0117\"]},{\"@type\":\"Person\",\"@id\":\"https:\\\/\\\/rugute.lt\\\/#\\\/schema\\\/person\\\/22f718c56fde9098e0ecde9ef0d21c60\",\"name\":\"Labdaros ir paramos fondas \u201eRugut\u0117\u201c\",\"image\":{\"@type\":\"ImageObject\",\"inLanguage\":\"en-GB\",\"@id\":\"https:\\\/\\\/rugute.lt\\\/wp-content\\\/uploads\\\/2021\\\/09\\\/Rugute_logo-c.svge93f40f5525813f02d1916a491d590a1\",\"url\":\"https:\\\/\\\/rugute.lt\\\/wp-content\\\/uploads\\\/2021\\\/09\\\/Rugute_logo-c.svg\",\"contentUrl\":\"https:\\\/\\\/rugute.lt\\\/wp-content\\\/uploads\\\/2021\\\/09\\\/Rugute_logo-c.svg\",\"caption\":\"Labdaros ir paramos fondas \u201eRugut\u0117\u201c\"}}]}<\/script>\n<!-- \/ Yoast SEO plugin. -->","yoast_head_json":{"title":"Airijos lietuvi\u0173 \u0161viesa - Labdaros ir paramos fondas \u201eRugut\u0117\u201c","description":"Su organizacija \u201eAirijos lietuviams r\u016bpi\u201c ir Airijoje gyvenan\u010diais lietuviais \u201eRugut\u0119\u201c sieja ilgamet\u0117 draugyst\u0117. Daugel\u012f met\u0173 j\u0173 r\u016bpestis...","robots":{"index":"index","follow":"follow","max-snippet":"max-snippet:-1","max-image-preview":"max-image-preview:large","max-video-preview":"max-video-preview:-1"},"canonical":"https:\/\/rugute.lt\/en\/airijos-lietuviu-sviesa\/","og_locale":"en_GB","og_type":"article","og_title":"Airijos lietuvi\u0173 \u0161viesa - Labdaros ir paramos fondas \u201eRugut\u0117\u201c","og_description":"Su organizacija \u201eAirijos lietuviams r\u016bpi\u201c ir Airijoje gyvenan\u010diais lietuviais \u201eRugut\u0119\u201c sieja ilgamet\u0117 draugyst\u0117. Daugel\u012f met\u0173 j\u0173 r\u016bpestis...","og_url":"https:\/\/rugute.lt\/en\/airijos-lietuviu-sviesa\/","og_site_name":"Labdaros ir paramos fondas \u201eRugut\u0117\u201c","article_publisher":"https:\/\/www.facebook.com\/rugute\/","article_published_time":"2025-06-19T14:01:51+00:00","article_modified_time":"2025-07-01T14:12:01+00:00","og_image":[{"width":2560,"height":1280,"url":"https:\/\/rugute.lt\/wp-content\/uploads\/2025\/07\/250619-AirijosLR-scaled.jpg","type":"image\/jpeg"}],"author":"Labdaros ir paramos fondas \u201eRugut\u0117\u201c","twitter_card":"summary_large_image","twitter_creator":"@rugute","twitter_site":"@rugute","twitter_misc":{"Written by":"Labdaros ir paramos fondas \u201eRugut\u0117\u201c","Estimated reading time":"1 minute"},"schema":{"@context":"https:\/\/schema.org","@graph":[{"@type":"Article","@id":"https:\/\/rugute.lt\/airijos-lietuviu-sviesa\/#article","isPartOf":{"@id":"https:\/\/rugute.lt\/airijos-lietuviu-sviesa\/"},"author":{"name":"Labdaros ir paramos fondas \u201eRugut\u0117\u201c","@id":"https:\/\/rugute.lt\/#\/schema\/person\/22f718c56fde9098e0ecde9ef0d21c60"},"headline":"Airijos lietuvi\u0173 \u0161viesa","datePublished":"2025-06-19T14:01:51+00:00","dateModified":"2025-07-01T14:12:01+00:00","mainEntityOfPage":{"@id":"https:\/\/rugute.lt\/airijos-lietuviu-sviesa\/"},"wordCount":120,"commentCount":0,"publisher":{"@id":"https:\/\/rugute.lt\/#organization"},"image":{"@id":"https:\/\/rugute.lt\/airijos-lietuviu-sviesa\/#primaryimage"},"thumbnailUrl":"https:\/\/rugute.lt\/wp-content\/uploads\/2025\/07\/250619-AirijosLR-scaled.jpg","articleSection":["Iniciatyvos i\u0161 u\u017esienio"],"inLanguage":"en-GB"},{"@type":"WebPage","@id":"https:\/\/rugute.lt\/airijos-lietuviu-sviesa\/","url":"https:\/\/rugute.lt\/airijos-lietuviu-sviesa\/","name":"Airijos lietuvi\u0173 \u0161viesa - Labdaros ir paramos fondas \u201eRugut\u0117\u201c","isPartOf":{"@id":"https:\/\/rugute.lt\/#website"},"primaryImageOfPage":{"@id":"https:\/\/rugute.lt\/airijos-lietuviu-sviesa\/#primaryimage"},"image":{"@id":"https:\/\/rugute.lt\/airijos-lietuviu-sviesa\/#primaryimage"},"thumbnailUrl":"https:\/\/rugute.lt\/wp-content\/uploads\/2025\/07\/250619-AirijosLR-scaled.jpg","datePublished":"2025-06-19T14:01:51+00:00","dateModified":"2025-07-01T14:12:01+00:00","description":"Su organizacija \u201eAirijos lietuviams r\u016bpi\u201c ir Airijoje gyvenan\u010diais lietuviais \u201eRugut\u0119\u201c sieja ilgamet\u0117 draugyst\u0117. Daugel\u012f met\u0173 j\u0173 r\u016bpestis...","breadcrumb":{"@id":"https:\/\/rugute.lt\/airijos-lietuviu-sviesa\/#breadcrumb"},"inLanguage":"en-GB","potentialAction":[{"@type":"ReadAction","target":["https:\/\/rugute.lt\/airijos-lietuviu-sviesa\/"]}]},{"@type":"ImageObject","inLanguage":"en-GB","@id":"https:\/\/rugute.lt\/airijos-lietuviu-sviesa\/#primaryimage","url":"https:\/\/rugute.lt\/wp-content\/uploads\/2025\/07\/250619-AirijosLR-scaled.jpg","contentUrl":"https:\/\/rugute.lt\/wp-content\/uploads\/2025\/07\/250619-AirijosLR-scaled.jpg","width":2560,"height":1280,"caption":"Airijos lietuviams r\u016bpi"},{"@type":"BreadcrumbList","@id":"https:\/\/rugute.lt\/airijos-lietuviu-sviesa\/#breadcrumb","itemListElement":[{"@type":"ListItem","position":1,"name":"Prad\u017eia","item":"https:\/\/rugute.lt\/"},{"@type":"ListItem","position":2,"name":"Paramos Iniciatyvos","item":"https:\/\/rugute.lt\/paramos-iniciatyvos\/"},{"@type":"ListItem","position":3,"name":"Iniciatyvos i\u0161 u\u017esienio","item":"https:\/\/rugute.lt\/paramos-iniciatyvos\/iniciatyvos-is-uzsienio\/"},{"@type":"ListItem","position":4,"name":"Airijos lietuvi\u0173 \u0161viesa"}]},{"@type":"WebSite","@id":"https:\/\/rugute.lt\/#website","url":"https:\/\/rugute.lt\/","name":"Childhood Cancer Fund Rugut\u0117","description":"Parama vaikams sergantiems v\u0117\u017eiu","publisher":{"@id":"https:\/\/rugute.lt\/#organization"},"potentialAction":[{"@type":"SearchAction","target":{"@type":"EntryPoint","urlTemplate":"https:\/\/rugute.lt\/?s={search_term_string}"},"query-input":{"@type":"PropertyValueSpecification","valueRequired":true,"valueName":"search_term_string"}}],"inLanguage":"en-GB"},{"@type":"Organization","@id":"https:\/\/rugute.lt\/#organization","name":"Childhood Cancer Fund Rugut\u0117","url":"https:\/\/rugute.lt\/","logo":{"@type":"ImageObject","inLanguage":"en-GB","@id":"https:\/\/rugute.lt\/#\/schema\/logo\/image\/","url":"https:\/\/rugute.lt\/wp-content\/uploads\/2021\/09\/Rugute_logo-b.svg","contentUrl":"https:\/\/rugute.lt\/wp-content\/uploads\/2021\/09\/Rugute_logo-b.svg","width":585,"height":583,"caption":"Labdaros ir paramos fondas \u201eRugut\u0117\u201c"},"image":{"@id":"https:\/\/rugute.lt\/#\/schema\/logo\/image\/"},"sameAs":["https:\/\/www.facebook.com\/rugute\/","https:\/\/x.com\/rugute","https:\/\/www.instagram.com\/rugute.lt\/","https:\/\/www.linkedin.com\/company\/rugute","https:\/\/www.youtube.com\/user\/Rugute\/videos","https:\/\/lt.wikipedia.org\/wiki\/Rugut\u0117"]},{"@type":"Person","@id":"https:\/\/rugute.lt\/#\/schema\/person\/22f718c56fde9098e0ecde9ef0d21c60","name":"Childhood Cancer Fund Rugut\u0117","image":{"@type":"ImageObject","inLanguage":"en-GB","@id":"https:\/\/rugute.lt\/wp-content\/uploads\/2021\/09\/Rugute_logo-c.svge93f40f5525813f02d1916a491d590a1","url":"https:\/\/rugute.lt\/wp-content\/uploads\/2021\/09\/Rugute_logo-c.svg","contentUrl":"https:\/\/rugute.lt\/wp-content\/uploads\/2021\/09\/Rugute_logo-c.svg","caption":"Labdaros ir paramos fondas \u201eRugut\u0117\u201c"}}]}},"authors":[{"term_id":249,"user_id":1,"is_guest":0,"slug":"rugute","display_name":"Labdaros ir paramos fondas \u201eRugut\u0117\u201c","avatar_url":{"url":"https:\/\/rugute.lt\/wp-content\/uploads\/2021\/09\/Rugute_logo-c.svg","url2x":"https:\/\/rugute.lt\/wp-content\/uploads\/2021\/09\/Rugute_logo-c.svg"},"0":null,"1":"","2":"","3":"","4":"","5":"","6":"","7":"","8":""}],"_links":{"self":[{"href":"https:\/\/rugute.lt\/en\/wp-json\/wp\/v2\/posts\/59951","targetHints":{"allow":["GET"]}}],"collection":[{"href":"https:\/\/rugute.lt\/en\/wp-json\/wp\/v2\/posts"}],"about":[{"href":"https:\/\/rugute.lt\/en\/wp-json\/wp\/v2\/types\/post"}],"author":[{"embeddable":true,"href":"https:\/\/rugute.lt\/en\/wp-json\/wp\/v2\/users\/1"}],"replies":[{"embeddable":true,"href":"https:\/\/rugute.lt\/en\/wp-json\/wp\/v2\/comments?post=59951"}],"version-history":[{"count":0,"href":"https:\/\/rugute.lt\/en\/wp-json\/wp\/v2\/posts\/59951\/revisions"}],"wp:featuredmedia":[{"embeddable":true,"href":"https:\/\/rugute.lt\/en\/wp-json\/wp\/v2\/media\/59952"}],"wp:attachment":[{"href":"https:\/\/rugute.lt\/en\/wp-json\/wp\/v2\/media?parent=59951"}],"wp:term":[{"taxonomy":"category","embeddable":true,"href":"https:\/\/rugute.lt\/en\/wp-json\/wp\/v2\/categories?post=59951"},{"taxonomy":"post_tag","embeddable":true,"href":"https:\/\/rugute.lt\/en\/wp-json\/wp\/v2\/tags?post=59951"},{"taxonomy":"author","embeddable":true,"href":"https:\/\/rugute.lt\/en\/wp-json\/wp\/v2\/ppma_author?post=59951"}],"curies":[{"name":"wp","href":"https:\/\/api.w.org\/{rel}","templated":true}]}}