{"id":58936,"date":"2025-02-21T20:57:40","date_gmt":"2025-02-21T18:57:40","guid":{"rendered":"https:\/\/rugute.lt\/?p=58936"},"modified":"2025-03-03T22:15:18","modified_gmt":"2025-03-03T20:15:18","slug":"aciu-vilniaus-jono-lauziko-konsultacinio-mokymo-centro-kolektyvui","status":"publish","type":"post","link":"https:\/\/rugute.lt\/en\/aciu-vilniaus-jono-lauziko-konsultacinio-mokymo-centro-kolektyvui\/","title":{"rendered":"A\u010di\u016b Vilniaus Jono Lau\u017eiko konsultacinio-mokymo centro kolektyvui"},"content":{"rendered":"<div data-elementor-type=\"wp-post\" data-elementor-id=\"58936\" class=\"elementor elementor-58936\" data-elementor-settings=\"{&quot;element_pack_global_tooltip_width&quot;:{&quot;unit&quot;:&quot;px&quot;,&quot;size&quot;:&quot;&quot;,&quot;sizes&quot;:[]},&quot;element_pack_global_tooltip_width_tablet&quot;:{&quot;unit&quot;:&quot;px&quot;,&quot;size&quot;:&quot;&quot;,&quot;sizes&quot;:[]},&quot;element_pack_global_tooltip_width_mobile&quot;:{&quot;unit&quot;:&quot;px&quot;,&quot;size&quot;:&quot;&quot;,&quot;sizes&quot;:[]},&quot;element_pack_global_tooltip_padding&quot;:{&quot;unit&quot;:&quot;px&quot;,&quot;top&quot;:&quot;&quot;,&quot;right&quot;:&quot;&quot;,&quot;bottom&quot;:&quot;&quot;,&quot;left&quot;:&quot;&quot;,&quot;isLinked&quot;:true},&quot;element_pack_global_tooltip_padding_tablet&quot;:{&quot;unit&quot;:&quot;px&quot;,&quot;top&quot;:&quot;&quot;,&quot;right&quot;:&quot;&quot;,&quot;bottom&quot;:&quot;&quot;,&quot;left&quot;:&quot;&quot;,&quot;isLinked&quot;:true},&quot;element_pack_global_tooltip_padding_mobile&quot;:{&quot;unit&quot;:&quot;px&quot;,&quot;top&quot;:&quot;&quot;,&quot;right&quot;:&quot;&quot;,&quot;bottom&quot;:&quot;&quot;,&quot;left&quot;:&quot;&quot;,&quot;isLinked&quot;:true},&quot;element_pack_global_tooltip_border_radius&quot;:{&quot;unit&quot;:&quot;px&quot;,&quot;top&quot;:&quot;&quot;,&quot;right&quot;:&quot;&quot;,&quot;bottom&quot;:&quot;&quot;,&quot;left&quot;:&quot;&quot;,&quot;isLinked&quot;:true},&quot;element_pack_global_tooltip_border_radius_tablet&quot;:{&quot;unit&quot;:&quot;px&quot;,&quot;top&quot;:&quot;&quot;,&quot;right&quot;:&quot;&quot;,&quot;bottom&quot;:&quot;&quot;,&quot;left&quot;:&quot;&quot;,&quot;isLinked&quot;:true},&quot;element_pack_global_tooltip_border_radius_mobile&quot;:{&quot;unit&quot;:&quot;px&quot;,&quot;top&quot;:&quot;&quot;,&quot;right&quot;:&quot;&quot;,&quot;bottom&quot;:&quot;&quot;,&quot;left&quot;:&quot;&quot;,&quot;isLinked&quot;:true}}\" data-elementor-post-type=\"post\">\n\t\t\t\t<div class=\"elementor-element elementor-element-29328bb1 e-flex e-con-boxed e-con e-parent\" data-id=\"29328bb1\" data-element_type=\"container\" data-e-type=\"container\">\n\t\t\t\t\t<div class=\"e-con-inner\">\n\t\t\t\t<div class=\"elementor-element elementor-element-119d0d9c elementor-widget elementor-widget-text-editor\" data-id=\"119d0d9c\" data-element_type=\"widget\" data-e-type=\"widget\" data-widget_type=\"text-editor.default\">\n\t\t\t\t<div class=\"elementor-widget-container\">\n\t\t\t\t\t\t\t\t\t\n<p style=\"text-align: justify;\">\u201ePalankaus v\u0117jo mal\u016bn\u0117liai\u201c sergantiems vaikams atpu\u010dia palaikymo v\u0117j\u0105, o mums dovanoja \u0161iltas draugyst\u0117s gijas. \u0160tai ir vakar, prie mal\u016bn\u0117li\u0173 koteli\u0173 palinko <a href=\"https:\/\/www.facebook.com\/lauzikocentras\" target=\"_blank\" rel=\"noopener\">Vilniaus Jono Lau\u017eiko konsultacinio-mokymo centro<\/a> kolektyvas. \u0160is kolektyvas kuria motyvuojan\u010di\u0105 ugdymo aplink\u0105 vaikams, kurie ilgus m\u0117nesius praleid\u017eia ligonin\u0117s palatose. Juk be galo svarbu ne tik ligos gydymas, bet ir nenutr\u016bkstamas vaiko ugdymas, jog t\u0105 akimirk\u0105, kai gydytojas i\u0161tars ilgai lauktus \u017eod\u017eius apie pasiekt\u0105 ligos remisij\u0105, vaikas gal\u0117t\u0173 dr\u0105siai sugr\u012f\u017eti \u012f klas\u0119 ir \u012fsilieti \u012f draug\u0173 b\u016br\u012f.<\/p>\n<p style=\"text-align: justify;\">Nenusakomas vienyb\u0117s jausmas apima, kai petys \u012f pet\u012f susivienija visi, kurie prisideda ne tik prie onkologin\u0117s ligos gydymo proceso, bet ir prie vaiko emocinio stabilumo k\u016brimo. Tai gydytojai, slaugytojai, mokytojai, savanoriai ir r\u0117m\u0117jai \u2013 visi jie kartu sudaro ne\u012fkainojam\u0105 pagalbos tinkl\u0105, suteikiant\u012f ma\u017eiesiems kovotojams ne tik reikaling\u0105 gydym\u0105, bet ir vilt\u012f, \u0161vies\u0105 bei \u0161ilt\u0105 \u017emogi\u0161k\u0105 r\u016bpest\u012f.<\/p>\n<p style=\"text-align: justify;\">Nuo\u0161ird\u0173 A\u010cI\u016a tariame <a href=\"https:\/\/www.facebook.com\/lauzikocentras\" target=\"_blank\" rel=\"noopener\">Vilniaus Jono Lau\u017eiko konsultacinio-mokymo centro<\/a> kolektyvui u\u017e susitelkim\u0105 d\u0117l kiekvieno vaiko paliesto onkologin\u0117s ligos.<\/p>\n\t\t\t\t\t\t\t\t<\/div>\n\t\t\t\t<\/div>\n\t\t\t\t<div class=\"elementor-element elementor-element-d70b05b elementor-widget elementor-widget-gallery\" data-id=\"d70b05b\" data-element_type=\"widget\" data-e-type=\"widget\" data-settings=\"{&quot;gallery_layout&quot;:&quot;justified&quot;,&quot;gap&quot;:{&quot;unit&quot;:&quot;px&quot;,&quot;size&quot;:5,&quot;sizes&quot;:[]},&quot;gap_tablet&quot;:{&quot;unit&quot;:&quot;px&quot;,&quot;size&quot;:5,&quot;sizes&quot;:[]},&quot;gap_mobile&quot;:{&quot;unit&quot;:&quot;px&quot;,&quot;size&quot;:5,&quot;sizes&quot;:[]},&quot;overlay_title&quot;:&quot;title&quot;,&quot;ideal_row_height&quot;:{&quot;unit&quot;:&quot;px&quot;,&quot;size&quot;:200,&quot;sizes&quot;:[]},&quot;ideal_row_height_tablet&quot;:{&quot;unit&quot;:&quot;px&quot;,&quot;size&quot;:150,&quot;sizes&quot;:[]},&quot;ideal_row_height_mobile&quot;:{&quot;unit&quot;:&quot;px&quot;,&quot;size&quot;:150,&quot;sizes&quot;:[]},&quot;link_to&quot;:&quot;file&quot;,&quot;overlay_background&quot;:&quot;yes&quot;,&quot;content_hover_animation&quot;:&quot;fade-in&quot;}\" data-widget_type=\"gallery.default\">\n\t\t\t\t<div class=\"elementor-widget-container\">\n\t\t\t\t\t\t\t<div class=\"elementor-gallery__container\">\n\t\t\t\t\t\t\t<a class=\"e-gallery-item elementor-gallery-item elementor-animated-content\" href=\"https:\/\/rugute.lt\/wp-content\/uploads\/2025\/03\/250221-VJLkmc-01.jpg\" data-elementor-open-lightbox=\"yes\" data-elementor-lightbox-slideshow=\"d70b05b\" data-elementor-lightbox-description=\"A\u010di\u016b Vilniaus Jono Lau\u017eiko konsultacinio-mokymo centro kolektyvui\" data-e-action-hash=\"#elementor-action%3Aaction%3Dlightbox%26settings%3DeyJpZCI6NTg5MzcsInVybCI6Imh0dHBzOlwvXC9ydWd1dGUubHRcL3dwLWNvbnRlbnRcL3VwbG9hZHNcLzIwMjVcLzAzXC8yNTAyMjEtVkpMa21jLTAxLmpwZyIsInNsaWRlc2hvdyI6ImQ3MGIwNWIifQ%3D%3D\">\n\t\t\t\t\t<div class=\"e-gallery-image elementor-gallery-item__image\" data-thumbnail=\"https:\/\/rugute.lt\/wp-content\/uploads\/2025\/03\/250221-VJLkmc-01-1024x682.jpg\" data-width=\"800\" data-height=\"533\" aria-label=\"A\u010di\u016b Vilniaus Jono Lau\u017eiko konsultacinio-mokymo centro kolektyvui\" role=\"img\" ><\/div>\n\t\t\t\t\t\t\t\t\t\t\t<div class=\"elementor-gallery-item__overlay\"><\/div>\n\t\t\t\t\t\t\t\t\t\t\t\t\t\t\t<div class=\"elementor-gallery-item__content\">\n\t\t\t\t\t\t\t\t\t\t\t\t\t\t<div class=\"elementor-gallery-item__title\">\n\t\t\t\t\t\t\t\t\t\t\t\t\t\t\t\t\t\tA\u010di\u016b Vilniaus Jono Lau\u017eiko konsultacinio-mokymo centro kolektyvui\t\t\t\t\t\t\t\t<\/div>\n\t\t\t\t\t\t\t\t\t\t\t\t<\/div>\n\t\t\t\t\t\t\t\t\t<\/a>\n\t\t\t\t\t\t\t<a class=\"e-gallery-item elementor-gallery-item elementor-animated-content\" href=\"https:\/\/rugute.lt\/wp-content\/uploads\/2025\/03\/250221-VJLkmc-02.jpg\" data-elementor-open-lightbox=\"yes\" data-elementor-lightbox-slideshow=\"d70b05b\" data-elementor-lightbox-description=\"A\u010di\u016b Vilniaus Jono Lau\u017eiko konsultacinio-mokymo centro kolektyvui\" data-e-action-hash=\"#elementor-action%3Aaction%3Dlightbox%26settings%3DeyJpZCI6NTg5MzgsInVybCI6Imh0dHBzOlwvXC9ydWd1dGUubHRcL3dwLWNvbnRlbnRcL3VwbG9hZHNcLzIwMjVcLzAzXC8yNTAyMjEtVkpMa21jLTAyLmpwZyIsInNsaWRlc2hvdyI6ImQ3MGIwNWIifQ%3D%3D\">\n\t\t\t\t\t<div class=\"e-gallery-image elementor-gallery-item__image\" data-thumbnail=\"https:\/\/rugute.lt\/wp-content\/uploads\/2025\/03\/250221-VJLkmc-02-1024x682.jpg\" data-width=\"800\" data-height=\"533\" aria-label=\"A\u010di\u016b Vilniaus Jono Lau\u017eiko konsultacinio-mokymo centro kolektyvui\" role=\"img\" ><\/div>\n\t\t\t\t\t\t\t\t\t\t\t<div class=\"elementor-gallery-item__overlay\"><\/div>\n\t\t\t\t\t\t\t\t\t\t\t\t\t\t\t<div class=\"elementor-gallery-item__content\">\n\t\t\t\t\t\t\t\t\t\t\t\t\t\t<div class=\"elementor-gallery-item__title\">\n\t\t\t\t\t\t\t\t\t\t\t\t\t\t\t\t\t\tA\u010di\u016b Vilniaus Jono Lau\u017eiko konsultacinio-mokymo centro kolektyvui\t\t\t\t\t\t\t\t<\/div>\n\t\t\t\t\t\t\t\t\t\t\t\t<\/div>\n\t\t\t\t\t\t\t\t\t<\/a>\n\t\t\t\t\t\t\t<a class=\"e-gallery-item elementor-gallery-item elementor-animated-content\" href=\"https:\/\/rugute.lt\/wp-content\/uploads\/2025\/03\/250221-VJLkmc-05.jpg\" data-elementor-open-lightbox=\"yes\" data-elementor-lightbox-slideshow=\"d70b05b\" data-elementor-lightbox-description=\"A\u010di\u016b Vilniaus Jono Lau\u017eiko konsultacinio-mokymo centro kolektyvui\" data-e-action-hash=\"#elementor-action%3Aaction%3Dlightbox%26settings%3DeyJpZCI6NTg5NDEsInVybCI6Imh0dHBzOlwvXC9ydWd1dGUubHRcL3dwLWNvbnRlbnRcL3VwbG9hZHNcLzIwMjVcLzAzXC8yNTAyMjEtVkpMa21jLTA1LmpwZyIsInNsaWRlc2hvdyI6ImQ3MGIwNWIifQ%3D%3D\">\n\t\t\t\t\t<div class=\"e-gallery-image elementor-gallery-item__image\" data-thumbnail=\"https:\/\/rugute.lt\/wp-content\/uploads\/2025\/03\/250221-VJLkmc-05-1024x682.jpg\" data-width=\"800\" data-height=\"533\" aria-label=\"A\u010di\u016b Vilniaus Jono Lau\u017eiko konsultacinio-mokymo centro kolektyvui\" role=\"img\" ><\/div>\n\t\t\t\t\t\t\t\t\t\t\t<div class=\"elementor-gallery-item__overlay\"><\/div>\n\t\t\t\t\t\t\t\t\t\t\t\t\t\t\t<div class=\"elementor-gallery-item__content\">\n\t\t\t\t\t\t\t\t\t\t\t\t\t\t<div class=\"elementor-gallery-item__title\">\n\t\t\t\t\t\t\t\t\t\t\t\t\t\t\t\t\t\tA\u010di\u016b Vilniaus Jono Lau\u017eiko konsultacinio-mokymo centro kolektyvui\t\t\t\t\t\t\t\t<\/div>\n\t\t\t\t\t\t\t\t\t\t\t\t<\/div>\n\t\t\t\t\t\t\t\t\t<\/a>\n\t\t\t\t\t\t\t<a class=\"e-gallery-item elementor-gallery-item elementor-animated-content\" href=\"https:\/\/rugute.lt\/wp-content\/uploads\/2025\/03\/250221-VJLkmc-04.jpg\" data-elementor-open-lightbox=\"yes\" data-elementor-lightbox-slideshow=\"d70b05b\" data-elementor-lightbox-description=\"A\u010di\u016b Vilniaus Jono Lau\u017eiko konsultacinio-mokymo centro kolektyvui\" data-e-action-hash=\"#elementor-action%3Aaction%3Dlightbox%26settings%3DeyJpZCI6NTg5NDAsInVybCI6Imh0dHBzOlwvXC9ydWd1dGUubHRcL3dwLWNvbnRlbnRcL3VwbG9hZHNcLzIwMjVcLzAzXC8yNTAyMjEtVkpMa21jLTA0LmpwZyIsInNsaWRlc2hvdyI6ImQ3MGIwNWIifQ%3D%3D\">\n\t\t\t\t\t<div class=\"e-gallery-image elementor-gallery-item__image\" data-thumbnail=\"https:\/\/rugute.lt\/wp-content\/uploads\/2025\/03\/250221-VJLkmc-04-1024x682.jpg\" data-width=\"800\" data-height=\"533\" aria-label=\"A\u010di\u016b Vilniaus Jono Lau\u017eiko konsultacinio-mokymo centro kolektyvui\" role=\"img\" ><\/div>\n\t\t\t\t\t\t\t\t\t\t\t<div class=\"elementor-gallery-item__overlay\"><\/div>\n\t\t\t\t\t\t\t\t\t\t\t\t\t\t\t<div class=\"elementor-gallery-item__content\">\n\t\t\t\t\t\t\t\t\t\t\t\t\t\t<div class=\"elementor-gallery-item__title\">\n\t\t\t\t\t\t\t\t\t\t\t\t\t\t\t\t\t\tA\u010di\u016b Vilniaus Jono Lau\u017eiko konsultacinio-mokymo centro kolektyvui\t\t\t\t\t\t\t\t<\/div>\n\t\t\t\t\t\t\t\t\t\t\t\t<\/div>\n\t\t\t\t\t\t\t\t\t<\/a>\n\t\t\t\t\t\t\t<a class=\"e-gallery-item elementor-gallery-item elementor-animated-content\" href=\"https:\/\/rugute.lt\/wp-content\/uploads\/2025\/03\/250221-VJLkmc-07.jpg\" data-elementor-open-lightbox=\"yes\" data-elementor-lightbox-slideshow=\"d70b05b\" data-elementor-lightbox-description=\"A\u010di\u016b Vilniaus Jono Lau\u017eiko konsultacinio-mokymo centro kolektyvui\" data-e-action-hash=\"#elementor-action%3Aaction%3Dlightbox%26settings%3DeyJpZCI6NTg5NDMsInVybCI6Imh0dHBzOlwvXC9ydWd1dGUubHRcL3dwLWNvbnRlbnRcL3VwbG9hZHNcLzIwMjVcLzAzXC8yNTAyMjEtVkpMa21jLTA3LmpwZyIsInNsaWRlc2hvdyI6ImQ3MGIwNWIifQ%3D%3D\">\n\t\t\t\t\t<div class=\"e-gallery-image elementor-gallery-item__image\" data-thumbnail=\"https:\/\/rugute.lt\/wp-content\/uploads\/2025\/03\/250221-VJLkmc-07-1024x682.jpg\" data-width=\"800\" data-height=\"533\" aria-label=\"A\u010di\u016b Vilniaus Jono Lau\u017eiko konsultacinio-mokymo centro kolektyvui\" role=\"img\" ><\/div>\n\t\t\t\t\t\t\t\t\t\t\t<div class=\"elementor-gallery-item__overlay\"><\/div>\n\t\t\t\t\t\t\t\t\t\t\t\t\t\t\t<div class=\"elementor-gallery-item__content\">\n\t\t\t\t\t\t\t\t\t\t\t\t\t\t<div class=\"elementor-gallery-item__title\">\n\t\t\t\t\t\t\t\t\t\t\t\t\t\t\t\t\t\tA\u010di\u016b Vilniaus Jono Lau\u017eiko konsultacinio-mokymo centro kolektyvui\t\t\t\t\t\t\t\t<\/div>\n\t\t\t\t\t\t\t\t\t\t\t\t<\/div>\n\t\t\t\t\t\t\t\t\t<\/a>\n\t\t\t\t\t\t\t<a class=\"e-gallery-item elementor-gallery-item elementor-animated-content\" href=\"https:\/\/rugute.lt\/wp-content\/uploads\/2025\/03\/250221-VJLkmc-03.jpg\" data-elementor-open-lightbox=\"yes\" data-elementor-lightbox-slideshow=\"d70b05b\" data-elementor-lightbox-description=\"A\u010di\u016b Vilniaus Jono Lau\u017eiko konsultacinio-mokymo centro kolektyvui\" data-e-action-hash=\"#elementor-action%3Aaction%3Dlightbox%26settings%3DeyJpZCI6NTg5MzksInVybCI6Imh0dHBzOlwvXC9ydWd1dGUubHRcL3dwLWNvbnRlbnRcL3VwbG9hZHNcLzIwMjVcLzAzXC8yNTAyMjEtVkpMa21jLTAzLmpwZyIsInNsaWRlc2hvdyI6ImQ3MGIwNWIifQ%3D%3D\">\n\t\t\t\t\t<div class=\"e-gallery-image elementor-gallery-item__image\" data-thumbnail=\"https:\/\/rugute.lt\/wp-content\/uploads\/2025\/03\/250221-VJLkmc-03-1024x682.jpg\" data-width=\"800\" data-height=\"533\" aria-label=\"A\u010di\u016b Vilniaus Jono Lau\u017eiko konsultacinio-mokymo centro kolektyvui\" role=\"img\" ><\/div>\n\t\t\t\t\t\t\t\t\t\t\t<div class=\"elementor-gallery-item__overlay\"><\/div>\n\t\t\t\t\t\t\t\t\t\t\t\t\t\t\t<div class=\"elementor-gallery-item__content\">\n\t\t\t\t\t\t\t\t\t\t\t\t\t\t<div class=\"elementor-gallery-item__title\">\n\t\t\t\t\t\t\t\t\t\t\t\t\t\t\t\t\t\tA\u010di\u016b Vilniaus Jono Lau\u017eiko konsultacinio-mokymo centro kolektyvui\t\t\t\t\t\t\t\t<\/div>\n\t\t\t\t\t\t\t\t\t\t\t\t<\/div>\n\t\t\t\t\t\t\t\t\t<\/a>\n\t\t\t\t\t<\/div>\n\t\t\t\t\t<\/div>\n\t\t\t\t<\/div>\n\t\t\t\t\t<\/div>\n\t\t\t\t<\/div>\n\t\t\t\t<\/div>","protected":false},"excerpt":{"rendered":"<p>\u201ePalankaus v\u0117jo mal\u016bn\u0117liai\u201c sergantiems vaikams atpu\u010dia palaikymo v\u0117j\u0105, o mums dovanoja \u0161iltas draugyst\u0117s gijas. \u0160tai ir vakar, prie mal\u016bn\u0117li\u0173 koteli\u0173 palinko Vilniaus Jono Lau\u017eiko konsultacinio-mokymo centro kolektyvas. \u0160is kolektyvas kuria motyvuojan\u010di\u0105 ugdymo aplink\u0105 vaikams, kurie ilgus m\u0117nesius praleid\u017eia ligonin\u0117s palatose. Juk be galo svarbu ne tik ligos gydymas, bet ir nenutr\u016bkstamas vaiko ugdymas, jog t\u0105 [&hellip;]<\/p>\n","protected":false},"author":1,"featured_media":58942,"comment_status":"open","ping_status":"closed","sticky":false,"template":"","format":"standard","meta":{"footnotes":""},"categories":[272],"tags":[863],"ppma_author":[249],"class_list":["post-58936","post","type-post","status-publish","format-standard","has-post-thumbnail","hentry","category-palankaus-vejo-maluneliai","tag-palankausvejomaluneliai"],"yoast_head":"<!-- This site is optimized with the Yoast SEO plugin v27.3 - https:\/\/yoast.com\/product\/yoast-seo-wordpress\/ -->\n<title>A\u010di\u016b Vilniaus Jono Lau\u017eiko konsultacinio-mokymo centro kolektyvui - Labdaros ir paramos fondas \u201eRugut\u0117\u201c<\/title>\n<meta name=\"description\" content=\"\u0160tai ir vakar, prie mal\u016bn\u0117li\u0173 koteli\u0173 palinko Vilniaus Jono Lau\u017eiko konsultacinio-mokymo centro kolektyvas. \u0160is kolektyvas kuria...\" \/>\n<meta name=\"robots\" content=\"index, follow, max-snippet:-1, max-image-preview:large, max-video-preview:-1\" \/>\n<link rel=\"canonical\" href=\"https:\/\/rugute.lt\/en\/aciu-vilniaus-jono-lauziko-konsultacinio-mokymo-centro-kolektyvui\/\" \/>\n<meta property=\"og:locale\" content=\"en_GB\" \/>\n<meta property=\"og:type\" content=\"article\" \/>\n<meta property=\"og:title\" content=\"A\u010di\u016b Vilniaus Jono Lau\u017eiko konsultacinio-mokymo centro kolektyvui - Labdaros ir paramos fondas \u201eRugut\u0117\u201c\" \/>\n<meta property=\"og:description\" content=\"\u0160tai ir vakar, prie mal\u016bn\u0117li\u0173 koteli\u0173 palinko Vilniaus Jono Lau\u017eiko konsultacinio-mokymo centro kolektyvas. \u0160is kolektyvas kuria...\" \/>\n<meta property=\"og:url\" content=\"https:\/\/rugute.lt\/en\/aciu-vilniaus-jono-lauziko-konsultacinio-mokymo-centro-kolektyvui\/\" \/>\n<meta property=\"og:site_name\" content=\"Labdaros ir paramos fondas \u201eRugut\u0117\u201c\" \/>\n<meta property=\"article:publisher\" content=\"https:\/\/www.facebook.com\/rugute\/\" \/>\n<meta property=\"article:published_time\" content=\"2025-02-21T18:57:40+00:00\" \/>\n<meta property=\"article:modified_time\" content=\"2025-03-03T20:15:18+00:00\" \/>\n<meta property=\"og:image\" content=\"https:\/\/rugute.lt\/wp-content\/uploads\/2025\/03\/250221-VJLkmc-06.jpg\" \/>\n\t<meta property=\"og:image:width\" content=\"2000\" \/>\n\t<meta property=\"og:image:height\" content=\"1333\" \/>\n\t<meta property=\"og:image:type\" content=\"image\/jpeg\" \/>\n<meta name=\"author\" content=\"Labdaros ir paramos fondas \u201eRugut\u0117\u201c\" \/>\n<meta name=\"twitter:card\" content=\"summary_large_image\" \/>\n<meta name=\"twitter:creator\" content=\"@rugute\" \/>\n<meta name=\"twitter:site\" content=\"@rugute\" \/>\n<meta name=\"twitter:label1\" content=\"Written by\" \/>\n\t<meta name=\"twitter:data1\" content=\"Labdaros ir paramos fondas \u201eRugut\u0117\u201c\" \/>\n\t<meta name=\"twitter:label2\" content=\"Estimated reading time\" \/>\n\t<meta name=\"twitter:data2\" content=\"2 minutes\" \/>\n<script type=\"application\/ld+json\" class=\"yoast-schema-graph\">{\"@context\":\"https:\\\/\\\/schema.org\",\"@graph\":[{\"@type\":\"Article\",\"@id\":\"https:\\\/\\\/rugute.lt\\\/aciu-vilniaus-jono-lauziko-konsultacinio-mokymo-centro-kolektyvui\\\/#article\",\"isPartOf\":{\"@id\":\"https:\\\/\\\/rugute.lt\\\/aciu-vilniaus-jono-lauziko-konsultacinio-mokymo-centro-kolektyvui\\\/\"},\"author\":{\"name\":\"Labdaros ir paramos fondas \u201eRugut\u0117\u201c\",\"@id\":\"https:\\\/\\\/rugute.lt\\\/#\\\/schema\\\/person\\\/22f718c56fde9098e0ecde9ef0d21c60\"},\"headline\":\"A\u010di\u016b Vilniaus Jono Lau\u017eiko konsultacinio-mokymo centro kolektyvui\",\"datePublished\":\"2025-02-21T18:57:40+00:00\",\"dateModified\":\"2025-03-03T20:15:18+00:00\",\"mainEntityOfPage\":{\"@id\":\"https:\\\/\\\/rugute.lt\\\/aciu-vilniaus-jono-lauziko-konsultacinio-mokymo-centro-kolektyvui\\\/\"},\"wordCount\":243,\"commentCount\":0,\"publisher\":{\"@id\":\"https:\\\/\\\/rugute.lt\\\/#organization\"},\"image\":{\"@id\":\"https:\\\/\\\/rugute.lt\\\/aciu-vilniaus-jono-lauziko-konsultacinio-mokymo-centro-kolektyvui\\\/#primaryimage\"},\"thumbnailUrl\":\"https:\\\/\\\/rugute.lt\\\/wp-content\\\/uploads\\\/2025\\\/03\\\/250221-VJLkmc-06.jpg\",\"keywords\":[\"#PalankausV\u0117joMal\u016bn\u0117liai\"],\"articleSection\":[\"Palankaus v\u0117jo mal\u016bn\u0117liai\"],\"inLanguage\":\"en-GB\"},{\"@type\":\"WebPage\",\"@id\":\"https:\\\/\\\/rugute.lt\\\/aciu-vilniaus-jono-lauziko-konsultacinio-mokymo-centro-kolektyvui\\\/\",\"url\":\"https:\\\/\\\/rugute.lt\\\/aciu-vilniaus-jono-lauziko-konsultacinio-mokymo-centro-kolektyvui\\\/\",\"name\":\"A\u010di\u016b Vilniaus Jono Lau\u017eiko konsultacinio-mokymo centro kolektyvui - Labdaros ir paramos fondas \u201eRugut\u0117\u201c\",\"isPartOf\":{\"@id\":\"https:\\\/\\\/rugute.lt\\\/#website\"},\"primaryImageOfPage\":{\"@id\":\"https:\\\/\\\/rugute.lt\\\/aciu-vilniaus-jono-lauziko-konsultacinio-mokymo-centro-kolektyvui\\\/#primaryimage\"},\"image\":{\"@id\":\"https:\\\/\\\/rugute.lt\\\/aciu-vilniaus-jono-lauziko-konsultacinio-mokymo-centro-kolektyvui\\\/#primaryimage\"},\"thumbnailUrl\":\"https:\\\/\\\/rugute.lt\\\/wp-content\\\/uploads\\\/2025\\\/03\\\/250221-VJLkmc-06.jpg\",\"datePublished\":\"2025-02-21T18:57:40+00:00\",\"dateModified\":\"2025-03-03T20:15:18+00:00\",\"description\":\"\u0160tai ir vakar, prie mal\u016bn\u0117li\u0173 koteli\u0173 palinko Vilniaus Jono Lau\u017eiko konsultacinio-mokymo centro kolektyvas. \u0160is kolektyvas kuria...\",\"breadcrumb\":{\"@id\":\"https:\\\/\\\/rugute.lt\\\/aciu-vilniaus-jono-lauziko-konsultacinio-mokymo-centro-kolektyvui\\\/#breadcrumb\"},\"inLanguage\":\"en-GB\",\"potentialAction\":[{\"@type\":\"ReadAction\",\"target\":[\"https:\\\/\\\/rugute.lt\\\/aciu-vilniaus-jono-lauziko-konsultacinio-mokymo-centro-kolektyvui\\\/\"]}]},{\"@type\":\"ImageObject\",\"inLanguage\":\"en-GB\",\"@id\":\"https:\\\/\\\/rugute.lt\\\/aciu-vilniaus-jono-lauziko-konsultacinio-mokymo-centro-kolektyvui\\\/#primaryimage\",\"url\":\"https:\\\/\\\/rugute.lt\\\/wp-content\\\/uploads\\\/2025\\\/03\\\/250221-VJLkmc-06.jpg\",\"contentUrl\":\"https:\\\/\\\/rugute.lt\\\/wp-content\\\/uploads\\\/2025\\\/03\\\/250221-VJLkmc-06.jpg\",\"width\":2000,\"height\":1333,\"caption\":\"A\u010di\u016b Vilniaus Jono Lau\u017eiko konsultacinio-mokymo centro kolektyvui\"},{\"@type\":\"BreadcrumbList\",\"@id\":\"https:\\\/\\\/rugute.lt\\\/aciu-vilniaus-jono-lauziko-konsultacinio-mokymo-centro-kolektyvui\\\/#breadcrumb\",\"itemListElement\":[{\"@type\":\"ListItem\",\"position\":1,\"name\":\"Prad\u017eia\",\"item\":\"https:\\\/\\\/rugute.lt\\\/\"},{\"@type\":\"ListItem\",\"position\":2,\"name\":\"Paramos Iniciatyvos\",\"item\":\"https:\\\/\\\/rugute.lt\\\/paramos-iniciatyvos\\\/\"},{\"@type\":\"ListItem\",\"position\":3,\"name\":\"Palankaus v\u0117jo mal\u016bn\u0117liai\",\"item\":\"https:\\\/\\\/rugute.lt\\\/paramos-iniciatyvos\\\/palankaus-vejo-maluneliai\\\/\"},{\"@type\":\"ListItem\",\"position\":4,\"name\":\"A\u010di\u016b Vilniaus Jono Lau\u017eiko konsultacinio-mokymo centro kolektyvui\"}]},{\"@type\":\"WebSite\",\"@id\":\"https:\\\/\\\/rugute.lt\\\/#website\",\"url\":\"https:\\\/\\\/rugute.lt\\\/\",\"name\":\"Labdaros ir paramos fondas \u201eRugut\u0117\u201c\",\"description\":\"Parama vaikams sergantiems v\u0117\u017eiu\",\"publisher\":{\"@id\":\"https:\\\/\\\/rugute.lt\\\/#organization\"},\"potentialAction\":[{\"@type\":\"SearchAction\",\"target\":{\"@type\":\"EntryPoint\",\"urlTemplate\":\"https:\\\/\\\/rugute.lt\\\/?s={search_term_string}\"},\"query-input\":{\"@type\":\"PropertyValueSpecification\",\"valueRequired\":true,\"valueName\":\"search_term_string\"}}],\"inLanguage\":\"en-GB\"},{\"@type\":\"Organization\",\"@id\":\"https:\\\/\\\/rugute.lt\\\/#organization\",\"name\":\"Labdaros ir paramos fondas \u201eRugut\u0117\u201c\",\"url\":\"https:\\\/\\\/rugute.lt\\\/\",\"logo\":{\"@type\":\"ImageObject\",\"inLanguage\":\"en-GB\",\"@id\":\"https:\\\/\\\/rugute.lt\\\/#\\\/schema\\\/logo\\\/image\\\/\",\"url\":\"https:\\\/\\\/rugute.lt\\\/wp-content\\\/uploads\\\/2021\\\/09\\\/Rugute_logo-b.svg\",\"contentUrl\":\"https:\\\/\\\/rugute.lt\\\/wp-content\\\/uploads\\\/2021\\\/09\\\/Rugute_logo-b.svg\",\"width\":585,\"height\":583,\"caption\":\"Labdaros ir paramos fondas \u201eRugut\u0117\u201c\"},\"image\":{\"@id\":\"https:\\\/\\\/rugute.lt\\\/#\\\/schema\\\/logo\\\/image\\\/\"},\"sameAs\":[\"https:\\\/\\\/www.facebook.com\\\/rugute\\\/\",\"https:\\\/\\\/x.com\\\/rugute\",\"https:\\\/\\\/www.instagram.com\\\/rugute.lt\\\/\",\"https:\\\/\\\/www.linkedin.com\\\/company\\\/rugute\",\"https:\\\/\\\/www.youtube.com\\\/user\\\/Rugute\\\/videos\",\"https:\\\/\\\/lt.wikipedia.org\\\/wiki\\\/Rugut\u0117\"]},{\"@type\":\"Person\",\"@id\":\"https:\\\/\\\/rugute.lt\\\/#\\\/schema\\\/person\\\/22f718c56fde9098e0ecde9ef0d21c60\",\"name\":\"Labdaros ir paramos fondas \u201eRugut\u0117\u201c\",\"image\":{\"@type\":\"ImageObject\",\"inLanguage\":\"en-GB\",\"@id\":\"https:\\\/\\\/rugute.lt\\\/wp-content\\\/uploads\\\/2021\\\/09\\\/Rugute_logo-c.svge93f40f5525813f02d1916a491d590a1\",\"url\":\"https:\\\/\\\/rugute.lt\\\/wp-content\\\/uploads\\\/2021\\\/09\\\/Rugute_logo-c.svg\",\"contentUrl\":\"https:\\\/\\\/rugute.lt\\\/wp-content\\\/uploads\\\/2021\\\/09\\\/Rugute_logo-c.svg\",\"caption\":\"Labdaros ir paramos fondas \u201eRugut\u0117\u201c\"}}]}<\/script>\n<!-- \/ Yoast SEO plugin. -->","yoast_head_json":{"title":"A\u010di\u016b Vilniaus Jono Lau\u017eiko konsultacinio-mokymo centro kolektyvui - Labdaros ir paramos fondas \u201eRugut\u0117\u201c","description":"\u0160tai ir vakar, prie mal\u016bn\u0117li\u0173 koteli\u0173 palinko Vilniaus Jono Lau\u017eiko konsultacinio-mokymo centro kolektyvas. \u0160is kolektyvas kuria...","robots":{"index":"index","follow":"follow","max-snippet":"max-snippet:-1","max-image-preview":"max-image-preview:large","max-video-preview":"max-video-preview:-1"},"canonical":"https:\/\/rugute.lt\/en\/aciu-vilniaus-jono-lauziko-konsultacinio-mokymo-centro-kolektyvui\/","og_locale":"en_GB","og_type":"article","og_title":"A\u010di\u016b Vilniaus Jono Lau\u017eiko konsultacinio-mokymo centro kolektyvui - Labdaros ir paramos fondas \u201eRugut\u0117\u201c","og_description":"\u0160tai ir vakar, prie mal\u016bn\u0117li\u0173 koteli\u0173 palinko Vilniaus Jono Lau\u017eiko konsultacinio-mokymo centro kolektyvas. \u0160is kolektyvas kuria...","og_url":"https:\/\/rugute.lt\/en\/aciu-vilniaus-jono-lauziko-konsultacinio-mokymo-centro-kolektyvui\/","og_site_name":"Labdaros ir paramos fondas \u201eRugut\u0117\u201c","article_publisher":"https:\/\/www.facebook.com\/rugute\/","article_published_time":"2025-02-21T18:57:40+00:00","article_modified_time":"2025-03-03T20:15:18+00:00","og_image":[{"width":2000,"height":1333,"url":"https:\/\/rugute.lt\/wp-content\/uploads\/2025\/03\/250221-VJLkmc-06.jpg","type":"image\/jpeg"}],"author":"Labdaros ir paramos fondas \u201eRugut\u0117\u201c","twitter_card":"summary_large_image","twitter_creator":"@rugute","twitter_site":"@rugute","twitter_misc":{"Written by":"Labdaros ir paramos fondas \u201eRugut\u0117\u201c","Estimated reading time":"2 minutes"},"schema":{"@context":"https:\/\/schema.org","@graph":[{"@type":"Article","@id":"https:\/\/rugute.lt\/aciu-vilniaus-jono-lauziko-konsultacinio-mokymo-centro-kolektyvui\/#article","isPartOf":{"@id":"https:\/\/rugute.lt\/aciu-vilniaus-jono-lauziko-konsultacinio-mokymo-centro-kolektyvui\/"},"author":{"name":"Labdaros ir paramos fondas \u201eRugut\u0117\u201c","@id":"https:\/\/rugute.lt\/#\/schema\/person\/22f718c56fde9098e0ecde9ef0d21c60"},"headline":"A\u010di\u016b Vilniaus Jono Lau\u017eiko konsultacinio-mokymo centro kolektyvui","datePublished":"2025-02-21T18:57:40+00:00","dateModified":"2025-03-03T20:15:18+00:00","mainEntityOfPage":{"@id":"https:\/\/rugute.lt\/aciu-vilniaus-jono-lauziko-konsultacinio-mokymo-centro-kolektyvui\/"},"wordCount":243,"commentCount":0,"publisher":{"@id":"https:\/\/rugute.lt\/#organization"},"image":{"@id":"https:\/\/rugute.lt\/aciu-vilniaus-jono-lauziko-konsultacinio-mokymo-centro-kolektyvui\/#primaryimage"},"thumbnailUrl":"https:\/\/rugute.lt\/wp-content\/uploads\/2025\/03\/250221-VJLkmc-06.jpg","keywords":["#PalankausV\u0117joMal\u016bn\u0117liai"],"articleSection":["Palankaus v\u0117jo mal\u016bn\u0117liai"],"inLanguage":"en-GB"},{"@type":"WebPage","@id":"https:\/\/rugute.lt\/aciu-vilniaus-jono-lauziko-konsultacinio-mokymo-centro-kolektyvui\/","url":"https:\/\/rugute.lt\/aciu-vilniaus-jono-lauziko-konsultacinio-mokymo-centro-kolektyvui\/","name":"A\u010di\u016b Vilniaus Jono Lau\u017eiko konsultacinio-mokymo centro kolektyvui - Labdaros ir paramos fondas \u201eRugut\u0117\u201c","isPartOf":{"@id":"https:\/\/rugute.lt\/#website"},"primaryImageOfPage":{"@id":"https:\/\/rugute.lt\/aciu-vilniaus-jono-lauziko-konsultacinio-mokymo-centro-kolektyvui\/#primaryimage"},"image":{"@id":"https:\/\/rugute.lt\/aciu-vilniaus-jono-lauziko-konsultacinio-mokymo-centro-kolektyvui\/#primaryimage"},"thumbnailUrl":"https:\/\/rugute.lt\/wp-content\/uploads\/2025\/03\/250221-VJLkmc-06.jpg","datePublished":"2025-02-21T18:57:40+00:00","dateModified":"2025-03-03T20:15:18+00:00","description":"\u0160tai ir vakar, prie mal\u016bn\u0117li\u0173 koteli\u0173 palinko Vilniaus Jono Lau\u017eiko konsultacinio-mokymo centro kolektyvas. \u0160is kolektyvas kuria...","breadcrumb":{"@id":"https:\/\/rugute.lt\/aciu-vilniaus-jono-lauziko-konsultacinio-mokymo-centro-kolektyvui\/#breadcrumb"},"inLanguage":"en-GB","potentialAction":[{"@type":"ReadAction","target":["https:\/\/rugute.lt\/aciu-vilniaus-jono-lauziko-konsultacinio-mokymo-centro-kolektyvui\/"]}]},{"@type":"ImageObject","inLanguage":"en-GB","@id":"https:\/\/rugute.lt\/aciu-vilniaus-jono-lauziko-konsultacinio-mokymo-centro-kolektyvui\/#primaryimage","url":"https:\/\/rugute.lt\/wp-content\/uploads\/2025\/03\/250221-VJLkmc-06.jpg","contentUrl":"https:\/\/rugute.lt\/wp-content\/uploads\/2025\/03\/250221-VJLkmc-06.jpg","width":2000,"height":1333,"caption":"A\u010di\u016b Vilniaus Jono Lau\u017eiko konsultacinio-mokymo centro kolektyvui"},{"@type":"BreadcrumbList","@id":"https:\/\/rugute.lt\/aciu-vilniaus-jono-lauziko-konsultacinio-mokymo-centro-kolektyvui\/#breadcrumb","itemListElement":[{"@type":"ListItem","position":1,"name":"Prad\u017eia","item":"https:\/\/rugute.lt\/"},{"@type":"ListItem","position":2,"name":"Paramos Iniciatyvos","item":"https:\/\/rugute.lt\/paramos-iniciatyvos\/"},{"@type":"ListItem","position":3,"name":"Palankaus v\u0117jo mal\u016bn\u0117liai","item":"https:\/\/rugute.lt\/paramos-iniciatyvos\/palankaus-vejo-maluneliai\/"},{"@type":"ListItem","position":4,"name":"A\u010di\u016b Vilniaus Jono Lau\u017eiko konsultacinio-mokymo centro kolektyvui"}]},{"@type":"WebSite","@id":"https:\/\/rugute.lt\/#website","url":"https:\/\/rugute.lt\/","name":"Childhood Cancer Fund Rugut\u0117","description":"Parama vaikams sergantiems v\u0117\u017eiu","publisher":{"@id":"https:\/\/rugute.lt\/#organization"},"potentialAction":[{"@type":"SearchAction","target":{"@type":"EntryPoint","urlTemplate":"https:\/\/rugute.lt\/?s={search_term_string}"},"query-input":{"@type":"PropertyValueSpecification","valueRequired":true,"valueName":"search_term_string"}}],"inLanguage":"en-GB"},{"@type":"Organization","@id":"https:\/\/rugute.lt\/#organization","name":"Childhood Cancer Fund Rugut\u0117","url":"https:\/\/rugute.lt\/","logo":{"@type":"ImageObject","inLanguage":"en-GB","@id":"https:\/\/rugute.lt\/#\/schema\/logo\/image\/","url":"https:\/\/rugute.lt\/wp-content\/uploads\/2021\/09\/Rugute_logo-b.svg","contentUrl":"https:\/\/rugute.lt\/wp-content\/uploads\/2021\/09\/Rugute_logo-b.svg","width":585,"height":583,"caption":"Labdaros ir paramos fondas \u201eRugut\u0117\u201c"},"image":{"@id":"https:\/\/rugute.lt\/#\/schema\/logo\/image\/"},"sameAs":["https:\/\/www.facebook.com\/rugute\/","https:\/\/x.com\/rugute","https:\/\/www.instagram.com\/rugute.lt\/","https:\/\/www.linkedin.com\/company\/rugute","https:\/\/www.youtube.com\/user\/Rugute\/videos","https:\/\/lt.wikipedia.org\/wiki\/Rugut\u0117"]},{"@type":"Person","@id":"https:\/\/rugute.lt\/#\/schema\/person\/22f718c56fde9098e0ecde9ef0d21c60","name":"Childhood Cancer Fund Rugut\u0117","image":{"@type":"ImageObject","inLanguage":"en-GB","@id":"https:\/\/rugute.lt\/wp-content\/uploads\/2021\/09\/Rugute_logo-c.svge93f40f5525813f02d1916a491d590a1","url":"https:\/\/rugute.lt\/wp-content\/uploads\/2021\/09\/Rugute_logo-c.svg","contentUrl":"https:\/\/rugute.lt\/wp-content\/uploads\/2021\/09\/Rugute_logo-c.svg","caption":"Labdaros ir paramos fondas \u201eRugut\u0117\u201c"}}]}},"authors":[{"term_id":249,"user_id":1,"is_guest":0,"slug":"rugute","display_name":"Labdaros ir paramos fondas \u201eRugut\u0117\u201c","avatar_url":{"url":"https:\/\/rugute.lt\/wp-content\/uploads\/2021\/09\/Rugute_logo-c.svg","url2x":"https:\/\/rugute.lt\/wp-content\/uploads\/2021\/09\/Rugute_logo-c.svg"},"0":null,"1":"","2":"","3":"","4":"","5":"","6":"","7":"","8":""}],"_links":{"self":[{"href":"https:\/\/rugute.lt\/en\/wp-json\/wp\/v2\/posts\/58936","targetHints":{"allow":["GET"]}}],"collection":[{"href":"https:\/\/rugute.lt\/en\/wp-json\/wp\/v2\/posts"}],"about":[{"href":"https:\/\/rugute.lt\/en\/wp-json\/wp\/v2\/types\/post"}],"author":[{"embeddable":true,"href":"https:\/\/rugute.lt\/en\/wp-json\/wp\/v2\/users\/1"}],"replies":[{"embeddable":true,"href":"https:\/\/rugute.lt\/en\/wp-json\/wp\/v2\/comments?post=58936"}],"version-history":[{"count":0,"href":"https:\/\/rugute.lt\/en\/wp-json\/wp\/v2\/posts\/58936\/revisions"}],"wp:featuredmedia":[{"embeddable":true,"href":"https:\/\/rugute.lt\/en\/wp-json\/wp\/v2\/media\/58942"}],"wp:attachment":[{"href":"https:\/\/rugute.lt\/en\/wp-json\/wp\/v2\/media?parent=58936"}],"wp:term":[{"taxonomy":"category","embeddable":true,"href":"https:\/\/rugute.lt\/en\/wp-json\/wp\/v2\/categories?post=58936"},{"taxonomy":"post_tag","embeddable":true,"href":"https:\/\/rugute.lt\/en\/wp-json\/wp\/v2\/tags?post=58936"},{"taxonomy":"author","embeddable":true,"href":"https:\/\/rugute.lt\/en\/wp-json\/wp\/v2\/ppma_author?post=58936"}],"curies":[{"name":"wp","href":"https:\/\/api.w.org\/{rel}","templated":true}]}}