{"id":55553,"date":"2023-12-19T20:07:25","date_gmt":"2023-12-19T18:07:25","guid":{"rendered":"https:\/\/rugute.lt\/?p=55553"},"modified":"2023-12-20T20:07:39","modified_gmt":"2023-12-20T18:07:39","slug":"dekojame-imlitex-kolektyvui-uz-siluma-ir-rupesti","status":"publish","type":"post","link":"https:\/\/rugute.lt\/en\/dekojame-imlitex-kolektyvui-uz-siluma-ir-rupesti\/","title":{"rendered":"D\u0117kojame \u201eImlitex\u201c kolektyvui u\u017e \u0161ilum\u0105 ir r\u016bpest\u012f"},"content":{"rendered":"<p style=\"text-align: justify;\">\u0160iandien, trumpam u\u017esuk\u0119 \u012f Kauno klinikas, i\u0161skub\u0117jome \u012f ilgai planuot\u0105 susitikim\u0105 su <a href=\"https:\/\/www.facebook.com\/imlitexholdings\" target=\"_blank\" rel=\"noopener\">UAB \u201eImlitex\u201c kolektyvu<\/a>. Nuo\u0161irdi \u0161iluma apgaub\u0117 nuo pat pirmo \u017eingsnio, o kvapnios avie\u010di\u0173 arbatos puodelis pokalbio metu tarsi sak\u0117: \u201ej\u016bs mums r\u016bpite\u201c. Susitikimo metu papasakojome apie \u201eRugut\u0117s\u201c kasdienyb\u0119, kertinius veiklos principus, i\u0161\u0161\u016bkius su kuriais susiduriame ir sprendimus, kaip juos \u012fveikiame. Nuo\u0161ird\u017eiai d\u0117kojame \u201eImlitex\u201c kolektyvui u\u017e \u0161ilum\u0105 ir r\u016bpest\u012f d\u0117l kiekvieno gydymo kelyje esan\u010dio vaiko, d\u0117l kiekvienos duob\u0117s, pasitaikusios jo kelyje.<\/p>\n<p style=\"text-align: justify;\">Dar kartel\u012f primename: <br \/>Tik J\u016bs\u0173 d\u0117ka mes esame. <br \/>Tik \u017einodami, kad liksite \u0161alia, mes b\u016bsime. <br \/>Kasdien. <br \/>D\u0117l vaik\u0173 ir vilties.<\/p>","protected":false},"excerpt":{"rendered":"<p>\u0160iandien, trumpam u\u017esuk\u0119 \u012f Kauno klinikas, i\u0161skub\u0117jome \u012f ilgai planuot\u0105 susitikim\u0105 su UAB \u201eImlitex\u201c kolektyvu. Nuo\u0161irdi \u0161iluma apgaub\u0117 nuo pat pirmo \u017eingsnio, o kvapnios avie\u010di\u0173 arbatos puodelis pokalbio metu tarsi sak\u0117: \u201ej\u016bs mums r\u016bpite\u201c. Susitikimo metu papasakojome apie \u201eRugut\u0117s\u201c kasdienyb\u0119, kertinius veiklos principus, i\u0161\u0161\u016bkius su kuriais susiduriame ir sprendimus, kaip juos \u012fveikiame. Nuo\u0161ird\u017eiai d\u0117kojame \u201eImlitex\u201c [&hellip;]<\/p>\n","protected":false},"author":1,"featured_media":55554,"comment_status":"open","ping_status":"closed","sticky":false,"template":"","format":"standard","meta":{"footnotes":""},"categories":[80],"tags":[],"ppma_author":[249],"class_list":["post-55553","post","type-post","status-publish","format-standard","has-post-thumbnail","hentry","category-imones"],"yoast_head":"<!-- This site is optimized with the Yoast SEO plugin v27.3 - https:\/\/yoast.com\/product\/yoast-seo-wordpress\/ -->\n<title>D\u0117kojame \u201eImlitex\u201c kolektyvui u\u017e \u0161ilum\u0105 ir r\u016bpest\u012f - Labdaros ir paramos fondas \u201eRugut\u0117\u201c<\/title>\n<meta name=\"description\" content=\"\u0160iandien, trumpam u\u017esuk\u0119 \u012f Kauno klinikas, i\u0161skub\u0117jome \u012f ilgai planuot\u0105 susitikim\u0105 su UAB \u201eImlitex\u201c kolektyvu. Nuo\u0161irdi \u0161iluma apgaub\u0117...\" \/>\n<meta name=\"robots\" content=\"index, follow, max-snippet:-1, max-image-preview:large, max-video-preview:-1\" \/>\n<link rel=\"canonical\" href=\"https:\/\/rugute.lt\/en\/dekojame-imlitex-kolektyvui-uz-siluma-ir-rupesti\/\" \/>\n<meta property=\"og:locale\" content=\"en_GB\" \/>\n<meta property=\"og:type\" content=\"article\" \/>\n<meta property=\"og:title\" content=\"D\u0117kojame \u201eImlitex\u201c kolektyvui u\u017e \u0161ilum\u0105 ir r\u016bpest\u012f - Labdaros ir paramos fondas \u201eRugut\u0117\u201c\" \/>\n<meta property=\"og:description\" content=\"\u0160iandien, trumpam u\u017esuk\u0119 \u012f Kauno klinikas, i\u0161skub\u0117jome \u012f ilgai planuot\u0105 susitikim\u0105 su UAB \u201eImlitex\u201c kolektyvu. Nuo\u0161irdi \u0161iluma apgaub\u0117...\" \/>\n<meta property=\"og:url\" content=\"https:\/\/rugute.lt\/en\/dekojame-imlitex-kolektyvui-uz-siluma-ir-rupesti\/\" \/>\n<meta property=\"og:site_name\" content=\"Labdaros ir paramos fondas \u201eRugut\u0117\u201c\" \/>\n<meta property=\"article:publisher\" content=\"https:\/\/www.facebook.com\/rugute\/\" \/>\n<meta property=\"article:published_time\" content=\"2023-12-19T18:07:25+00:00\" \/>\n<meta property=\"article:modified_time\" content=\"2023-12-20T18:07:39+00:00\" \/>\n<meta property=\"og:image\" content=\"https:\/\/rugute.lt\/wp-content\/uploads\/2023\/12\/Imlitex-15.jpg\" \/>\n\t<meta property=\"og:image:width\" content=\"2000\" \/>\n\t<meta property=\"og:image:height\" content=\"1000\" \/>\n\t<meta property=\"og:image:type\" content=\"image\/jpeg\" \/>\n<meta name=\"author\" content=\"Labdaros ir paramos fondas \u201eRugut\u0117\u201c\" \/>\n<meta name=\"twitter:card\" content=\"summary_large_image\" \/>\n<meta name=\"twitter:creator\" content=\"@rugute\" \/>\n<meta name=\"twitter:site\" content=\"@rugute\" \/>\n<meta name=\"twitter:label1\" content=\"Written by\" \/>\n\t<meta name=\"twitter:data1\" content=\"Labdaros ir paramos fondas \u201eRugut\u0117\u201c\" \/>\n\t<meta name=\"twitter:label2\" content=\"Estimated reading time\" \/>\n\t<meta name=\"twitter:data2\" content=\"1 minute\" \/>\n<script type=\"application\/ld+json\" class=\"yoast-schema-graph\">{\"@context\":\"https:\\\/\\\/schema.org\",\"@graph\":[{\"@type\":\"Article\",\"@id\":\"https:\\\/\\\/rugute.lt\\\/dekojame-imlitex-kolektyvui-uz-siluma-ir-rupesti\\\/#article\",\"isPartOf\":{\"@id\":\"https:\\\/\\\/rugute.lt\\\/dekojame-imlitex-kolektyvui-uz-siluma-ir-rupesti\\\/\"},\"author\":{\"name\":\"Labdaros ir paramos fondas \u201eRugut\u0117\u201c\",\"@id\":\"https:\\\/\\\/rugute.lt\\\/#\\\/schema\\\/person\\\/22f718c56fde9098e0ecde9ef0d21c60\"},\"headline\":\"D\u0117kojame \u201eImlitex\u201c kolektyvui u\u017e \u0161ilum\u0105 ir r\u016bpest\u012f\",\"datePublished\":\"2023-12-19T18:07:25+00:00\",\"dateModified\":\"2023-12-20T18:07:39+00:00\",\"mainEntityOfPage\":{\"@id\":\"https:\\\/\\\/rugute.lt\\\/dekojame-imlitex-kolektyvui-uz-siluma-ir-rupesti\\\/\"},\"wordCount\":120,\"commentCount\":0,\"publisher\":{\"@id\":\"https:\\\/\\\/rugute.lt\\\/#organization\"},\"image\":{\"@id\":\"https:\\\/\\\/rugute.lt\\\/dekojame-imlitex-kolektyvui-uz-siluma-ir-rupesti\\\/#primaryimage\"},\"thumbnailUrl\":\"https:\\\/\\\/rugute.lt\\\/wp-content\\\/uploads\\\/2023\\\/12\\\/Imlitex-15.jpg\",\"articleSection\":[\"\u012emoni\u0173 ir organizacij\u0173 parama\"],\"inLanguage\":\"en-GB\"},{\"@type\":\"WebPage\",\"@id\":\"https:\\\/\\\/rugute.lt\\\/dekojame-imlitex-kolektyvui-uz-siluma-ir-rupesti\\\/\",\"url\":\"https:\\\/\\\/rugute.lt\\\/dekojame-imlitex-kolektyvui-uz-siluma-ir-rupesti\\\/\",\"name\":\"D\u0117kojame \u201eImlitex\u201c kolektyvui u\u017e \u0161ilum\u0105 ir r\u016bpest\u012f - Labdaros ir paramos fondas \u201eRugut\u0117\u201c\",\"isPartOf\":{\"@id\":\"https:\\\/\\\/rugute.lt\\\/#website\"},\"primaryImageOfPage\":{\"@id\":\"https:\\\/\\\/rugute.lt\\\/dekojame-imlitex-kolektyvui-uz-siluma-ir-rupesti\\\/#primaryimage\"},\"image\":{\"@id\":\"https:\\\/\\\/rugute.lt\\\/dekojame-imlitex-kolektyvui-uz-siluma-ir-rupesti\\\/#primaryimage\"},\"thumbnailUrl\":\"https:\\\/\\\/rugute.lt\\\/wp-content\\\/uploads\\\/2023\\\/12\\\/Imlitex-15.jpg\",\"datePublished\":\"2023-12-19T18:07:25+00:00\",\"dateModified\":\"2023-12-20T18:07:39+00:00\",\"description\":\"\u0160iandien, trumpam u\u017esuk\u0119 \u012f Kauno klinikas, i\u0161skub\u0117jome \u012f ilgai planuot\u0105 susitikim\u0105 su UAB \u201eImlitex\u201c kolektyvu. Nuo\u0161irdi \u0161iluma apgaub\u0117...\",\"breadcrumb\":{\"@id\":\"https:\\\/\\\/rugute.lt\\\/dekojame-imlitex-kolektyvui-uz-siluma-ir-rupesti\\\/#breadcrumb\"},\"inLanguage\":\"en-GB\",\"potentialAction\":[{\"@type\":\"ReadAction\",\"target\":[\"https:\\\/\\\/rugute.lt\\\/dekojame-imlitex-kolektyvui-uz-siluma-ir-rupesti\\\/\"]}]},{\"@type\":\"ImageObject\",\"inLanguage\":\"en-GB\",\"@id\":\"https:\\\/\\\/rugute.lt\\\/dekojame-imlitex-kolektyvui-uz-siluma-ir-rupesti\\\/#primaryimage\",\"url\":\"https:\\\/\\\/rugute.lt\\\/wp-content\\\/uploads\\\/2023\\\/12\\\/Imlitex-15.jpg\",\"contentUrl\":\"https:\\\/\\\/rugute.lt\\\/wp-content\\\/uploads\\\/2023\\\/12\\\/Imlitex-15.jpg\",\"width\":2000,\"height\":1000,\"caption\":\"D\u0117kojame \u201eImlitex\u201c kolektyvui u\u017e \u0161ilum\u0105 ir r\u016bpest\u012f\"},{\"@type\":\"BreadcrumbList\",\"@id\":\"https:\\\/\\\/rugute.lt\\\/dekojame-imlitex-kolektyvui-uz-siluma-ir-rupesti\\\/#breadcrumb\",\"itemListElement\":[{\"@type\":\"ListItem\",\"position\":1,\"name\":\"Prad\u017eia\",\"item\":\"https:\\\/\\\/rugute.lt\\\/\"},{\"@type\":\"ListItem\",\"position\":2,\"name\":\"Paramos Iniciatyvos\",\"item\":\"https:\\\/\\\/rugute.lt\\\/paramos-iniciatyvos\\\/\"},{\"@type\":\"ListItem\",\"position\":3,\"name\":\"\u012emoni\u0173 ir organizacij\u0173 parama\",\"item\":\"https:\\\/\\\/rugute.lt\\\/paramos-iniciatyvos\\\/imones\\\/\"},{\"@type\":\"ListItem\",\"position\":4,\"name\":\"D\u0117kojame \u201eImlitex\u201c kolektyvui u\u017e \u0161ilum\u0105 ir r\u016bpest\u012f\"}]},{\"@type\":\"WebSite\",\"@id\":\"https:\\\/\\\/rugute.lt\\\/#website\",\"url\":\"https:\\\/\\\/rugute.lt\\\/\",\"name\":\"Labdaros ir paramos fondas \u201eRugut\u0117\u201c\",\"description\":\"Parama vaikams sergantiems v\u0117\u017eiu\",\"publisher\":{\"@id\":\"https:\\\/\\\/rugute.lt\\\/#organization\"},\"potentialAction\":[{\"@type\":\"SearchAction\",\"target\":{\"@type\":\"EntryPoint\",\"urlTemplate\":\"https:\\\/\\\/rugute.lt\\\/?s={search_term_string}\"},\"query-input\":{\"@type\":\"PropertyValueSpecification\",\"valueRequired\":true,\"valueName\":\"search_term_string\"}}],\"inLanguage\":\"en-GB\"},{\"@type\":\"Organization\",\"@id\":\"https:\\\/\\\/rugute.lt\\\/#organization\",\"name\":\"Labdaros ir paramos fondas \u201eRugut\u0117\u201c\",\"url\":\"https:\\\/\\\/rugute.lt\\\/\",\"logo\":{\"@type\":\"ImageObject\",\"inLanguage\":\"en-GB\",\"@id\":\"https:\\\/\\\/rugute.lt\\\/#\\\/schema\\\/logo\\\/image\\\/\",\"url\":\"https:\\\/\\\/rugute.lt\\\/wp-content\\\/uploads\\\/2021\\\/09\\\/Rugute_logo-b.svg\",\"contentUrl\":\"https:\\\/\\\/rugute.lt\\\/wp-content\\\/uploads\\\/2021\\\/09\\\/Rugute_logo-b.svg\",\"width\":585,\"height\":583,\"caption\":\"Labdaros ir paramos fondas \u201eRugut\u0117\u201c\"},\"image\":{\"@id\":\"https:\\\/\\\/rugute.lt\\\/#\\\/schema\\\/logo\\\/image\\\/\"},\"sameAs\":[\"https:\\\/\\\/www.facebook.com\\\/rugute\\\/\",\"https:\\\/\\\/x.com\\\/rugute\",\"https:\\\/\\\/www.instagram.com\\\/rugute.lt\\\/\",\"https:\\\/\\\/www.linkedin.com\\\/company\\\/rugute\",\"https:\\\/\\\/www.youtube.com\\\/user\\\/Rugute\\\/videos\",\"https:\\\/\\\/lt.wikipedia.org\\\/wiki\\\/Rugut\u0117\"]},{\"@type\":\"Person\",\"@id\":\"https:\\\/\\\/rugute.lt\\\/#\\\/schema\\\/person\\\/22f718c56fde9098e0ecde9ef0d21c60\",\"name\":\"Labdaros ir paramos fondas \u201eRugut\u0117\u201c\",\"image\":{\"@type\":\"ImageObject\",\"inLanguage\":\"en-GB\",\"@id\":\"https:\\\/\\\/rugute.lt\\\/wp-content\\\/uploads\\\/2021\\\/09\\\/Rugute_logo-c.svge93f40f5525813f02d1916a491d590a1\",\"url\":\"https:\\\/\\\/rugute.lt\\\/wp-content\\\/uploads\\\/2021\\\/09\\\/Rugute_logo-c.svg\",\"contentUrl\":\"https:\\\/\\\/rugute.lt\\\/wp-content\\\/uploads\\\/2021\\\/09\\\/Rugute_logo-c.svg\",\"caption\":\"Labdaros ir paramos fondas \u201eRugut\u0117\u201c\"}}]}<\/script>\n<!-- \/ Yoast SEO plugin. -->","yoast_head_json":{"title":"D\u0117kojame \u201eImlitex\u201c kolektyvui u\u017e \u0161ilum\u0105 ir r\u016bpest\u012f - Labdaros ir paramos fondas \u201eRugut\u0117\u201c","description":"\u0160iandien, trumpam u\u017esuk\u0119 \u012f Kauno klinikas, i\u0161skub\u0117jome \u012f ilgai planuot\u0105 susitikim\u0105 su UAB \u201eImlitex\u201c kolektyvu. Nuo\u0161irdi \u0161iluma apgaub\u0117...","robots":{"index":"index","follow":"follow","max-snippet":"max-snippet:-1","max-image-preview":"max-image-preview:large","max-video-preview":"max-video-preview:-1"},"canonical":"https:\/\/rugute.lt\/en\/dekojame-imlitex-kolektyvui-uz-siluma-ir-rupesti\/","og_locale":"en_GB","og_type":"article","og_title":"D\u0117kojame \u201eImlitex\u201c kolektyvui u\u017e \u0161ilum\u0105 ir r\u016bpest\u012f - Labdaros ir paramos fondas \u201eRugut\u0117\u201c","og_description":"\u0160iandien, trumpam u\u017esuk\u0119 \u012f Kauno klinikas, i\u0161skub\u0117jome \u012f ilgai planuot\u0105 susitikim\u0105 su UAB \u201eImlitex\u201c kolektyvu. Nuo\u0161irdi \u0161iluma apgaub\u0117...","og_url":"https:\/\/rugute.lt\/en\/dekojame-imlitex-kolektyvui-uz-siluma-ir-rupesti\/","og_site_name":"Labdaros ir paramos fondas \u201eRugut\u0117\u201c","article_publisher":"https:\/\/www.facebook.com\/rugute\/","article_published_time":"2023-12-19T18:07:25+00:00","article_modified_time":"2023-12-20T18:07:39+00:00","og_image":[{"width":2000,"height":1000,"url":"https:\/\/rugute.lt\/wp-content\/uploads\/2023\/12\/Imlitex-15.jpg","type":"image\/jpeg"}],"author":"Labdaros ir paramos fondas \u201eRugut\u0117\u201c","twitter_card":"summary_large_image","twitter_creator":"@rugute","twitter_site":"@rugute","twitter_misc":{"Written by":"Labdaros ir paramos fondas \u201eRugut\u0117\u201c","Estimated reading time":"1 minute"},"schema":{"@context":"https:\/\/schema.org","@graph":[{"@type":"Article","@id":"https:\/\/rugute.lt\/dekojame-imlitex-kolektyvui-uz-siluma-ir-rupesti\/#article","isPartOf":{"@id":"https:\/\/rugute.lt\/dekojame-imlitex-kolektyvui-uz-siluma-ir-rupesti\/"},"author":{"name":"Labdaros ir paramos fondas \u201eRugut\u0117\u201c","@id":"https:\/\/rugute.lt\/#\/schema\/person\/22f718c56fde9098e0ecde9ef0d21c60"},"headline":"D\u0117kojame \u201eImlitex\u201c kolektyvui u\u017e \u0161ilum\u0105 ir r\u016bpest\u012f","datePublished":"2023-12-19T18:07:25+00:00","dateModified":"2023-12-20T18:07:39+00:00","mainEntityOfPage":{"@id":"https:\/\/rugute.lt\/dekojame-imlitex-kolektyvui-uz-siluma-ir-rupesti\/"},"wordCount":120,"commentCount":0,"publisher":{"@id":"https:\/\/rugute.lt\/#organization"},"image":{"@id":"https:\/\/rugute.lt\/dekojame-imlitex-kolektyvui-uz-siluma-ir-rupesti\/#primaryimage"},"thumbnailUrl":"https:\/\/rugute.lt\/wp-content\/uploads\/2023\/12\/Imlitex-15.jpg","articleSection":["\u012emoni\u0173 ir organizacij\u0173 parama"],"inLanguage":"en-GB"},{"@type":"WebPage","@id":"https:\/\/rugute.lt\/dekojame-imlitex-kolektyvui-uz-siluma-ir-rupesti\/","url":"https:\/\/rugute.lt\/dekojame-imlitex-kolektyvui-uz-siluma-ir-rupesti\/","name":"D\u0117kojame \u201eImlitex\u201c kolektyvui u\u017e \u0161ilum\u0105 ir r\u016bpest\u012f - Labdaros ir paramos fondas \u201eRugut\u0117\u201c","isPartOf":{"@id":"https:\/\/rugute.lt\/#website"},"primaryImageOfPage":{"@id":"https:\/\/rugute.lt\/dekojame-imlitex-kolektyvui-uz-siluma-ir-rupesti\/#primaryimage"},"image":{"@id":"https:\/\/rugute.lt\/dekojame-imlitex-kolektyvui-uz-siluma-ir-rupesti\/#primaryimage"},"thumbnailUrl":"https:\/\/rugute.lt\/wp-content\/uploads\/2023\/12\/Imlitex-15.jpg","datePublished":"2023-12-19T18:07:25+00:00","dateModified":"2023-12-20T18:07:39+00:00","description":"\u0160iandien, trumpam u\u017esuk\u0119 \u012f Kauno klinikas, i\u0161skub\u0117jome \u012f ilgai planuot\u0105 susitikim\u0105 su UAB \u201eImlitex\u201c kolektyvu. Nuo\u0161irdi \u0161iluma apgaub\u0117...","breadcrumb":{"@id":"https:\/\/rugute.lt\/dekojame-imlitex-kolektyvui-uz-siluma-ir-rupesti\/#breadcrumb"},"inLanguage":"en-GB","potentialAction":[{"@type":"ReadAction","target":["https:\/\/rugute.lt\/dekojame-imlitex-kolektyvui-uz-siluma-ir-rupesti\/"]}]},{"@type":"ImageObject","inLanguage":"en-GB","@id":"https:\/\/rugute.lt\/dekojame-imlitex-kolektyvui-uz-siluma-ir-rupesti\/#primaryimage","url":"https:\/\/rugute.lt\/wp-content\/uploads\/2023\/12\/Imlitex-15.jpg","contentUrl":"https:\/\/rugute.lt\/wp-content\/uploads\/2023\/12\/Imlitex-15.jpg","width":2000,"height":1000,"caption":"D\u0117kojame \u201eImlitex\u201c kolektyvui u\u017e \u0161ilum\u0105 ir r\u016bpest\u012f"},{"@type":"BreadcrumbList","@id":"https:\/\/rugute.lt\/dekojame-imlitex-kolektyvui-uz-siluma-ir-rupesti\/#breadcrumb","itemListElement":[{"@type":"ListItem","position":1,"name":"Prad\u017eia","item":"https:\/\/rugute.lt\/"},{"@type":"ListItem","position":2,"name":"Paramos Iniciatyvos","item":"https:\/\/rugute.lt\/paramos-iniciatyvos\/"},{"@type":"ListItem","position":3,"name":"\u012emoni\u0173 ir organizacij\u0173 parama","item":"https:\/\/rugute.lt\/paramos-iniciatyvos\/imones\/"},{"@type":"ListItem","position":4,"name":"D\u0117kojame \u201eImlitex\u201c kolektyvui u\u017e \u0161ilum\u0105 ir r\u016bpest\u012f"}]},{"@type":"WebSite","@id":"https:\/\/rugute.lt\/#website","url":"https:\/\/rugute.lt\/","name":"Childhood Cancer Fund Rugut\u0117","description":"Parama vaikams sergantiems v\u0117\u017eiu","publisher":{"@id":"https:\/\/rugute.lt\/#organization"},"potentialAction":[{"@type":"SearchAction","target":{"@type":"EntryPoint","urlTemplate":"https:\/\/rugute.lt\/?s={search_term_string}"},"query-input":{"@type":"PropertyValueSpecification","valueRequired":true,"valueName":"search_term_string"}}],"inLanguage":"en-GB"},{"@type":"Organization","@id":"https:\/\/rugute.lt\/#organization","name":"Childhood Cancer Fund Rugut\u0117","url":"https:\/\/rugute.lt\/","logo":{"@type":"ImageObject","inLanguage":"en-GB","@id":"https:\/\/rugute.lt\/#\/schema\/logo\/image\/","url":"https:\/\/rugute.lt\/wp-content\/uploads\/2021\/09\/Rugute_logo-b.svg","contentUrl":"https:\/\/rugute.lt\/wp-content\/uploads\/2021\/09\/Rugute_logo-b.svg","width":585,"height":583,"caption":"Labdaros ir paramos fondas \u201eRugut\u0117\u201c"},"image":{"@id":"https:\/\/rugute.lt\/#\/schema\/logo\/image\/"},"sameAs":["https:\/\/www.facebook.com\/rugute\/","https:\/\/x.com\/rugute","https:\/\/www.instagram.com\/rugute.lt\/","https:\/\/www.linkedin.com\/company\/rugute","https:\/\/www.youtube.com\/user\/Rugute\/videos","https:\/\/lt.wikipedia.org\/wiki\/Rugut\u0117"]},{"@type":"Person","@id":"https:\/\/rugute.lt\/#\/schema\/person\/22f718c56fde9098e0ecde9ef0d21c60","name":"Childhood Cancer Fund Rugut\u0117","image":{"@type":"ImageObject","inLanguage":"en-GB","@id":"https:\/\/rugute.lt\/wp-content\/uploads\/2021\/09\/Rugute_logo-c.svge93f40f5525813f02d1916a491d590a1","url":"https:\/\/rugute.lt\/wp-content\/uploads\/2021\/09\/Rugute_logo-c.svg","contentUrl":"https:\/\/rugute.lt\/wp-content\/uploads\/2021\/09\/Rugute_logo-c.svg","caption":"Labdaros ir paramos fondas \u201eRugut\u0117\u201c"}}]}},"authors":[{"term_id":249,"user_id":1,"is_guest":0,"slug":"rugute","display_name":"Labdaros ir paramos fondas \u201eRugut\u0117\u201c","avatar_url":{"url":"https:\/\/rugute.lt\/wp-content\/uploads\/2021\/09\/Rugute_logo-c.svg","url2x":"https:\/\/rugute.lt\/wp-content\/uploads\/2021\/09\/Rugute_logo-c.svg"},"0":null,"1":"","2":"","3":"","4":"","5":"","6":"","7":"","8":""}],"_links":{"self":[{"href":"https:\/\/rugute.lt\/en\/wp-json\/wp\/v2\/posts\/55553","targetHints":{"allow":["GET"]}}],"collection":[{"href":"https:\/\/rugute.lt\/en\/wp-json\/wp\/v2\/posts"}],"about":[{"href":"https:\/\/rugute.lt\/en\/wp-json\/wp\/v2\/types\/post"}],"author":[{"embeddable":true,"href":"https:\/\/rugute.lt\/en\/wp-json\/wp\/v2\/users\/1"}],"replies":[{"embeddable":true,"href":"https:\/\/rugute.lt\/en\/wp-json\/wp\/v2\/comments?post=55553"}],"version-history":[{"count":0,"href":"https:\/\/rugute.lt\/en\/wp-json\/wp\/v2\/posts\/55553\/revisions"}],"wp:featuredmedia":[{"embeddable":true,"href":"https:\/\/rugute.lt\/en\/wp-json\/wp\/v2\/media\/55554"}],"wp:attachment":[{"href":"https:\/\/rugute.lt\/en\/wp-json\/wp\/v2\/media?parent=55553"}],"wp:term":[{"taxonomy":"category","embeddable":true,"href":"https:\/\/rugute.lt\/en\/wp-json\/wp\/v2\/categories?post=55553"},{"taxonomy":"post_tag","embeddable":true,"href":"https:\/\/rugute.lt\/en\/wp-json\/wp\/v2\/tags?post=55553"},{"taxonomy":"author","embeddable":true,"href":"https:\/\/rugute.lt\/en\/wp-json\/wp\/v2\/ppma_author?post=55553"}],"curies":[{"name":"wp","href":"https:\/\/api.w.org\/{rel}","templated":true}]}}