{"id":40295,"date":"2016-04-21T20:36:00","date_gmt":"2016-04-21T17:36:00","guid":{"rendered":"https:\/\/rugute.lt\/?p=40295"},"modified":"2022-05-23T20:37:24","modified_gmt":"2022-05-23T17:37:24","slug":"maljorka-isvyksta-burys-kapitonu","status":"publish","type":"post","link":"https:\/\/rugute.lt\/en\/maljorka-isvyksta-burys-kapitonu\/","title":{"rendered":"\u012e Maljork\u0105 i\u0161vyksta b\u016brys Kapiton\u0173!"},"content":{"rendered":"<p style=\"text-align: justify;\">De\u0161im\u010diai vaik\u0173, sirgusi\u0173 onkologin\u0117mis ligomis, \u0161is pavasaris bus nepamir\u0161tamas \u2013 vis\u0173 j\u0173 laukia kelion\u0117 l\u0117ktuvu ir savait\u0117s trukm\u0117s atostogos Maljorkoje.<\/p>\n<p style=\"text-align: justify;\">Stebina \u201eRugut\u0117s\u201c draug\u0173 Jurgos ir Fredrik gerumas: praleisti savait\u0119 j\u0173 nuostabioje viloje <a href=\"https:\/\/can-fanals.com\" target=\"_blank\" rel=\"noopener\">\u201eCan Fanals\u201c<\/a> jie pakviet\u0117 net ne vien\u0105, o dvi vaik\u0173 grupes. I grup\u0117 (Salvijus, Aist\u0117, Just\u0117, Nedas ir Vika) \u0161iltoje Vidur\u017eemio j\u016bros saloje vie\u0161\u0117s baland\u017eio 23\u201330 d., o II grup\u0117 (Gustas, Livija, Rugil\u0117, Darijus ir Liepa) \u2013 nuo baland\u017eio 30 d. iki gegu\u017e\u0117s 7 d.<\/p>\n<p style=\"text-align: center;\"><strong>Mielieji Jurga ir Fredrik, a\u010di\u016b Jums u\u017e b\u016bsimos kelion\u0117s d\u017eiaugsm\u0105, suteikt\u0105 b\u016briui ma\u017e\u0173j\u0173. <\/strong><\/p>\n<p style=\"text-align: center;\"><strong>Esame tikri, kad J\u016bs\u0173 dovanojamos atostogos tur\u0117s stebukling\u0105 poveik\u012f kiekvieno j\u0173 fizinei ir emocinei b\u016bsenai, pad\u0117s atgauti j\u0117gas ir suteiks stipryb\u0117s.<\/strong><\/p>\n<p style=\"text-align: justify;\">Kvie\u010diame visus \u201eRugut\u0117s\u201c draugus sekti keliautoj\u0173 patiriamus \u012fsp\u016bd\u017eius ir naujienas <a href=\"https:\/\/www.facebook.com\/rugute\/\" target=\"_blank\" rel=\"noopener\">\u201eRugut\u0117s\u201c Facebook<\/a> paskyroje!<\/p>","protected":false},"excerpt":{"rendered":"<p>De\u0161im\u010diai vaik\u0173, sirgusi\u0173 onkologin\u0117mis ligomis, \u0161is pavasaris bus nepamir\u0161tamas \u2013 vis\u0173 j\u0173 laukia kelion\u0117 l\u0117ktuvu ir savait\u0117s trukm\u0117s atostogos Maljorkoje. Stebina \u201eRugut\u0117s\u201c draug\u0173 Jurgos ir Fredrik gerumas: praleisti savait\u0119 j\u0173 nuostabioje viloje \u201eCan Fanals\u201c jie pakviet\u0117 net ne vien\u0105, o dvi vaik\u0173 grupes. I grup\u0117 (Salvijus, Aist\u0117, Just\u0117, Nedas ir Vika) \u0161iltoje Vidur\u017eemio j\u016bros saloje [&hellip;]<\/p>\n","protected":false},"author":1,"featured_media":40296,"comment_status":"open","ping_status":"closed","sticky":false,"template":"","format":"standard","meta":{"footnotes":""},"categories":[78],"tags":[],"ppma_author":[249],"class_list":["post-40295","post","type-post","status-publish","format-standard","has-post-thumbnail","hentry","category-reabilitacinis-poilsis-maljorkoje"],"yoast_head":"<!-- This site is optimized with the Yoast SEO plugin v27.3 - https:\/\/yoast.com\/product\/yoast-seo-wordpress\/ -->\n<title>\u012e Maljork\u0105 i\u0161vyksta b\u016brys Kapiton\u0173! - Labdaros ir paramos fondas \u201eRugut\u0117\u201c<\/title>\n<meta name=\"description\" content=\"De\u0161im\u010diai vaik\u0173, sirgusi\u0173 onkologin\u0117mis ligomis, \u0161is pavasaris bus nepamir\u0161tamas \u2013 vis\u0173 j\u0173 laukia atostogos Maljorkoje.\" \/>\n<meta name=\"robots\" content=\"index, follow, max-snippet:-1, max-image-preview:large, max-video-preview:-1\" \/>\n<link rel=\"canonical\" href=\"https:\/\/rugute.lt\/en\/maljorka-isvyksta-burys-kapitonu\/\" \/>\n<meta property=\"og:locale\" content=\"en_GB\" \/>\n<meta property=\"og:type\" content=\"article\" \/>\n<meta property=\"og:title\" content=\"\u012e Maljork\u0105 i\u0161vyksta b\u016brys Kapiton\u0173! - Labdaros ir paramos fondas \u201eRugut\u0117\u201c\" \/>\n<meta property=\"og:description\" content=\"De\u0161im\u010diai vaik\u0173, sirgusi\u0173 onkologin\u0117mis ligomis, \u0161is pavasaris bus nepamir\u0161tamas \u2013 vis\u0173 j\u0173 laukia atostogos Maljorkoje.\" \/>\n<meta property=\"og:url\" content=\"https:\/\/rugute.lt\/en\/maljorka-isvyksta-burys-kapitonu\/\" \/>\n<meta property=\"og:site_name\" content=\"Labdaros ir paramos fondas \u201eRugut\u0117\u201c\" \/>\n<meta property=\"article:publisher\" content=\"https:\/\/www.facebook.com\/rugute\/\" \/>\n<meta property=\"article:published_time\" content=\"2016-04-21T17:36:00+00:00\" \/>\n<meta property=\"article:modified_time\" content=\"2022-05-23T17:37:24+00:00\" \/>\n<meta property=\"og:image\" content=\"https:\/\/rugute.lt\/wp-content\/uploads\/2022\/05\/160421-01.jpg\" \/>\n\t<meta property=\"og:image:width\" content=\"2000\" \/>\n\t<meta property=\"og:image:height\" content=\"1335\" \/>\n\t<meta property=\"og:image:type\" content=\"image\/jpeg\" \/>\n<meta name=\"author\" content=\"Labdaros ir paramos fondas \u201eRugut\u0117\u201c\" \/>\n<meta name=\"twitter:card\" content=\"summary_large_image\" \/>\n<meta name=\"twitter:creator\" content=\"@rugute\" \/>\n<meta name=\"twitter:site\" content=\"@rugute\" \/>\n<meta name=\"twitter:label1\" content=\"Written by\" \/>\n\t<meta name=\"twitter:data1\" content=\"Labdaros ir paramos fondas \u201eRugut\u0117\u201c\" \/>\n\t<meta name=\"twitter:label2\" content=\"Estimated reading time\" \/>\n\t<meta name=\"twitter:data2\" content=\"1 minute\" \/>\n<script type=\"application\/ld+json\" class=\"yoast-schema-graph\">{\"@context\":\"https:\\\/\\\/schema.org\",\"@graph\":[{\"@type\":\"Article\",\"@id\":\"https:\\\/\\\/rugute.lt\\\/maljorka-isvyksta-burys-kapitonu\\\/#article\",\"isPartOf\":{\"@id\":\"https:\\\/\\\/rugute.lt\\\/maljorka-isvyksta-burys-kapitonu\\\/\"},\"author\":{\"name\":\"Labdaros ir paramos fondas \u201eRugut\u0117\u201c\",\"@id\":\"https:\\\/\\\/rugute.lt\\\/#\\\/schema\\\/person\\\/22f718c56fde9098e0ecde9ef0d21c60\"},\"headline\":\"\u012e Maljork\u0105 i\u0161vyksta b\u016brys Kapiton\u0173!\",\"datePublished\":\"2016-04-21T17:36:00+00:00\",\"dateModified\":\"2022-05-23T17:37:24+00:00\",\"mainEntityOfPage\":{\"@id\":\"https:\\\/\\\/rugute.lt\\\/maljorka-isvyksta-burys-kapitonu\\\/\"},\"wordCount\":156,\"commentCount\":0,\"publisher\":{\"@id\":\"https:\\\/\\\/rugute.lt\\\/#organization\"},\"image\":{\"@id\":\"https:\\\/\\\/rugute.lt\\\/maljorka-isvyksta-burys-kapitonu\\\/#primaryimage\"},\"thumbnailUrl\":\"https:\\\/\\\/rugute.lt\\\/wp-content\\\/uploads\\\/2022\\\/05\\\/160421-01.jpg\",\"articleSection\":[\"Reabilitacinis poilsis Maljorkoje\"],\"inLanguage\":\"en-GB\"},{\"@type\":\"WebPage\",\"@id\":\"https:\\\/\\\/rugute.lt\\\/maljorka-isvyksta-burys-kapitonu\\\/\",\"url\":\"https:\\\/\\\/rugute.lt\\\/maljorka-isvyksta-burys-kapitonu\\\/\",\"name\":\"\u012e Maljork\u0105 i\u0161vyksta b\u016brys Kapiton\u0173! - Labdaros ir paramos fondas \u201eRugut\u0117\u201c\",\"isPartOf\":{\"@id\":\"https:\\\/\\\/rugute.lt\\\/#website\"},\"primaryImageOfPage\":{\"@id\":\"https:\\\/\\\/rugute.lt\\\/maljorka-isvyksta-burys-kapitonu\\\/#primaryimage\"},\"image\":{\"@id\":\"https:\\\/\\\/rugute.lt\\\/maljorka-isvyksta-burys-kapitonu\\\/#primaryimage\"},\"thumbnailUrl\":\"https:\\\/\\\/rugute.lt\\\/wp-content\\\/uploads\\\/2022\\\/05\\\/160421-01.jpg\",\"datePublished\":\"2016-04-21T17:36:00+00:00\",\"dateModified\":\"2022-05-23T17:37:24+00:00\",\"description\":\"De\u0161im\u010diai vaik\u0173, sirgusi\u0173 onkologin\u0117mis ligomis, \u0161is pavasaris bus nepamir\u0161tamas \u2013 vis\u0173 j\u0173 laukia atostogos Maljorkoje.\",\"breadcrumb\":{\"@id\":\"https:\\\/\\\/rugute.lt\\\/maljorka-isvyksta-burys-kapitonu\\\/#breadcrumb\"},\"inLanguage\":\"en-GB\",\"potentialAction\":[{\"@type\":\"ReadAction\",\"target\":[\"https:\\\/\\\/rugute.lt\\\/maljorka-isvyksta-burys-kapitonu\\\/\"]}]},{\"@type\":\"ImageObject\",\"inLanguage\":\"en-GB\",\"@id\":\"https:\\\/\\\/rugute.lt\\\/maljorka-isvyksta-burys-kapitonu\\\/#primaryimage\",\"url\":\"https:\\\/\\\/rugute.lt\\\/wp-content\\\/uploads\\\/2022\\\/05\\\/160421-01.jpg\",\"contentUrl\":\"https:\\\/\\\/rugute.lt\\\/wp-content\\\/uploads\\\/2022\\\/05\\\/160421-01.jpg\",\"width\":2000,\"height\":1335,\"caption\":\"\u201eVaik\u0173, sirgusi\u0173 onkologin\u0117mis ligomis, reabilitacinis poilsis Maljorkoje\u201c\"},{\"@type\":\"BreadcrumbList\",\"@id\":\"https:\\\/\\\/rugute.lt\\\/maljorka-isvyksta-burys-kapitonu\\\/#breadcrumb\",\"itemListElement\":[{\"@type\":\"ListItem\",\"position\":1,\"name\":\"Prad\u017eia\",\"item\":\"https:\\\/\\\/rugute.lt\\\/\"},{\"@type\":\"ListItem\",\"position\":2,\"name\":\"Projektai\",\"item\":\"https:\\\/\\\/rugute.lt\\\/projektai\\\/\"},{\"@type\":\"ListItem\",\"position\":3,\"name\":\"Reabilitacinis poilsis Maljorkoje\",\"item\":\"https:\\\/\\\/rugute.lt\\\/projektai\\\/reabilitacinis-poilsis-maljorkoje\\\/\"},{\"@type\":\"ListItem\",\"position\":4,\"name\":\"\u012e Maljork\u0105 i\u0161vyksta b\u016brys Kapiton\u0173!\"}]},{\"@type\":\"WebSite\",\"@id\":\"https:\\\/\\\/rugute.lt\\\/#website\",\"url\":\"https:\\\/\\\/rugute.lt\\\/\",\"name\":\"Labdaros ir paramos fondas \u201eRugut\u0117\u201c\",\"description\":\"Parama vaikams sergantiems v\u0117\u017eiu\",\"publisher\":{\"@id\":\"https:\\\/\\\/rugute.lt\\\/#organization\"},\"potentialAction\":[{\"@type\":\"SearchAction\",\"target\":{\"@type\":\"EntryPoint\",\"urlTemplate\":\"https:\\\/\\\/rugute.lt\\\/?s={search_term_string}\"},\"query-input\":{\"@type\":\"PropertyValueSpecification\",\"valueRequired\":true,\"valueName\":\"search_term_string\"}}],\"inLanguage\":\"en-GB\"},{\"@type\":\"Organization\",\"@id\":\"https:\\\/\\\/rugute.lt\\\/#organization\",\"name\":\"Labdaros ir paramos fondas \u201eRugut\u0117\u201c\",\"url\":\"https:\\\/\\\/rugute.lt\\\/\",\"logo\":{\"@type\":\"ImageObject\",\"inLanguage\":\"en-GB\",\"@id\":\"https:\\\/\\\/rugute.lt\\\/#\\\/schema\\\/logo\\\/image\\\/\",\"url\":\"https:\\\/\\\/rugute.lt\\\/wp-content\\\/uploads\\\/2021\\\/09\\\/Rugute_logo-b.svg\",\"contentUrl\":\"https:\\\/\\\/rugute.lt\\\/wp-content\\\/uploads\\\/2021\\\/09\\\/Rugute_logo-b.svg\",\"width\":585,\"height\":583,\"caption\":\"Labdaros ir paramos fondas \u201eRugut\u0117\u201c\"},\"image\":{\"@id\":\"https:\\\/\\\/rugute.lt\\\/#\\\/schema\\\/logo\\\/image\\\/\"},\"sameAs\":[\"https:\\\/\\\/www.facebook.com\\\/rugute\\\/\",\"https:\\\/\\\/x.com\\\/rugute\",\"https:\\\/\\\/www.instagram.com\\\/rugute.lt\\\/\",\"https:\\\/\\\/www.linkedin.com\\\/company\\\/rugute\",\"https:\\\/\\\/www.youtube.com\\\/user\\\/Rugute\\\/videos\",\"https:\\\/\\\/lt.wikipedia.org\\\/wiki\\\/Rugut\u0117\"]},{\"@type\":\"Person\",\"@id\":\"https:\\\/\\\/rugute.lt\\\/#\\\/schema\\\/person\\\/22f718c56fde9098e0ecde9ef0d21c60\",\"name\":\"Labdaros ir paramos fondas \u201eRugut\u0117\u201c\",\"image\":{\"@type\":\"ImageObject\",\"inLanguage\":\"en-GB\",\"@id\":\"https:\\\/\\\/rugute.lt\\\/wp-content\\\/uploads\\\/2021\\\/09\\\/Rugute_logo-c.svge93f40f5525813f02d1916a491d590a1\",\"url\":\"https:\\\/\\\/rugute.lt\\\/wp-content\\\/uploads\\\/2021\\\/09\\\/Rugute_logo-c.svg\",\"contentUrl\":\"https:\\\/\\\/rugute.lt\\\/wp-content\\\/uploads\\\/2021\\\/09\\\/Rugute_logo-c.svg\",\"caption\":\"Labdaros ir paramos fondas \u201eRugut\u0117\u201c\"}}]}<\/script>\n<!-- \/ Yoast SEO plugin. -->","yoast_head_json":{"title":"\u012e Maljork\u0105 i\u0161vyksta b\u016brys Kapiton\u0173! - Labdaros ir paramos fondas \u201eRugut\u0117\u201c","description":"De\u0161im\u010diai vaik\u0173, sirgusi\u0173 onkologin\u0117mis ligomis, \u0161is pavasaris bus nepamir\u0161tamas \u2013 vis\u0173 j\u0173 laukia atostogos Maljorkoje.","robots":{"index":"index","follow":"follow","max-snippet":"max-snippet:-1","max-image-preview":"max-image-preview:large","max-video-preview":"max-video-preview:-1"},"canonical":"https:\/\/rugute.lt\/en\/maljorka-isvyksta-burys-kapitonu\/","og_locale":"en_GB","og_type":"article","og_title":"\u012e Maljork\u0105 i\u0161vyksta b\u016brys Kapiton\u0173! - Labdaros ir paramos fondas \u201eRugut\u0117\u201c","og_description":"De\u0161im\u010diai vaik\u0173, sirgusi\u0173 onkologin\u0117mis ligomis, \u0161is pavasaris bus nepamir\u0161tamas \u2013 vis\u0173 j\u0173 laukia atostogos Maljorkoje.","og_url":"https:\/\/rugute.lt\/en\/maljorka-isvyksta-burys-kapitonu\/","og_site_name":"Labdaros ir paramos fondas \u201eRugut\u0117\u201c","article_publisher":"https:\/\/www.facebook.com\/rugute\/","article_published_time":"2016-04-21T17:36:00+00:00","article_modified_time":"2022-05-23T17:37:24+00:00","og_image":[{"width":2000,"height":1335,"url":"https:\/\/rugute.lt\/wp-content\/uploads\/2022\/05\/160421-01.jpg","type":"image\/jpeg"}],"author":"Labdaros ir paramos fondas \u201eRugut\u0117\u201c","twitter_card":"summary_large_image","twitter_creator":"@rugute","twitter_site":"@rugute","twitter_misc":{"Written by":"Labdaros ir paramos fondas \u201eRugut\u0117\u201c","Estimated reading time":"1 minute"},"schema":{"@context":"https:\/\/schema.org","@graph":[{"@type":"Article","@id":"https:\/\/rugute.lt\/maljorka-isvyksta-burys-kapitonu\/#article","isPartOf":{"@id":"https:\/\/rugute.lt\/maljorka-isvyksta-burys-kapitonu\/"},"author":{"name":"Labdaros ir paramos fondas \u201eRugut\u0117\u201c","@id":"https:\/\/rugute.lt\/#\/schema\/person\/22f718c56fde9098e0ecde9ef0d21c60"},"headline":"\u012e Maljork\u0105 i\u0161vyksta b\u016brys Kapiton\u0173!","datePublished":"2016-04-21T17:36:00+00:00","dateModified":"2022-05-23T17:37:24+00:00","mainEntityOfPage":{"@id":"https:\/\/rugute.lt\/maljorka-isvyksta-burys-kapitonu\/"},"wordCount":156,"commentCount":0,"publisher":{"@id":"https:\/\/rugute.lt\/#organization"},"image":{"@id":"https:\/\/rugute.lt\/maljorka-isvyksta-burys-kapitonu\/#primaryimage"},"thumbnailUrl":"https:\/\/rugute.lt\/wp-content\/uploads\/2022\/05\/160421-01.jpg","articleSection":["Reabilitacinis poilsis Maljorkoje"],"inLanguage":"en-GB"},{"@type":"WebPage","@id":"https:\/\/rugute.lt\/maljorka-isvyksta-burys-kapitonu\/","url":"https:\/\/rugute.lt\/maljorka-isvyksta-burys-kapitonu\/","name":"\u012e Maljork\u0105 i\u0161vyksta b\u016brys Kapiton\u0173! - Labdaros ir paramos fondas \u201eRugut\u0117\u201c","isPartOf":{"@id":"https:\/\/rugute.lt\/#website"},"primaryImageOfPage":{"@id":"https:\/\/rugute.lt\/maljorka-isvyksta-burys-kapitonu\/#primaryimage"},"image":{"@id":"https:\/\/rugute.lt\/maljorka-isvyksta-burys-kapitonu\/#primaryimage"},"thumbnailUrl":"https:\/\/rugute.lt\/wp-content\/uploads\/2022\/05\/160421-01.jpg","datePublished":"2016-04-21T17:36:00+00:00","dateModified":"2022-05-23T17:37:24+00:00","description":"De\u0161im\u010diai vaik\u0173, sirgusi\u0173 onkologin\u0117mis ligomis, \u0161is pavasaris bus nepamir\u0161tamas \u2013 vis\u0173 j\u0173 laukia atostogos Maljorkoje.","breadcrumb":{"@id":"https:\/\/rugute.lt\/maljorka-isvyksta-burys-kapitonu\/#breadcrumb"},"inLanguage":"en-GB","potentialAction":[{"@type":"ReadAction","target":["https:\/\/rugute.lt\/maljorka-isvyksta-burys-kapitonu\/"]}]},{"@type":"ImageObject","inLanguage":"en-GB","@id":"https:\/\/rugute.lt\/maljorka-isvyksta-burys-kapitonu\/#primaryimage","url":"https:\/\/rugute.lt\/wp-content\/uploads\/2022\/05\/160421-01.jpg","contentUrl":"https:\/\/rugute.lt\/wp-content\/uploads\/2022\/05\/160421-01.jpg","width":2000,"height":1335,"caption":"\u201eVaik\u0173, sirgusi\u0173 onkologin\u0117mis ligomis, reabilitacinis poilsis Maljorkoje\u201c"},{"@type":"BreadcrumbList","@id":"https:\/\/rugute.lt\/maljorka-isvyksta-burys-kapitonu\/#breadcrumb","itemListElement":[{"@type":"ListItem","position":1,"name":"Prad\u017eia","item":"https:\/\/rugute.lt\/"},{"@type":"ListItem","position":2,"name":"Projektai","item":"https:\/\/rugute.lt\/projektai\/"},{"@type":"ListItem","position":3,"name":"Reabilitacinis poilsis Maljorkoje","item":"https:\/\/rugute.lt\/projektai\/reabilitacinis-poilsis-maljorkoje\/"},{"@type":"ListItem","position":4,"name":"\u012e Maljork\u0105 i\u0161vyksta b\u016brys Kapiton\u0173!"}]},{"@type":"WebSite","@id":"https:\/\/rugute.lt\/#website","url":"https:\/\/rugute.lt\/","name":"Childhood Cancer Fund Rugut\u0117","description":"Parama vaikams sergantiems v\u0117\u017eiu","publisher":{"@id":"https:\/\/rugute.lt\/#organization"},"potentialAction":[{"@type":"SearchAction","target":{"@type":"EntryPoint","urlTemplate":"https:\/\/rugute.lt\/?s={search_term_string}"},"query-input":{"@type":"PropertyValueSpecification","valueRequired":true,"valueName":"search_term_string"}}],"inLanguage":"en-GB"},{"@type":"Organization","@id":"https:\/\/rugute.lt\/#organization","name":"Childhood Cancer Fund Rugut\u0117","url":"https:\/\/rugute.lt\/","logo":{"@type":"ImageObject","inLanguage":"en-GB","@id":"https:\/\/rugute.lt\/#\/schema\/logo\/image\/","url":"https:\/\/rugute.lt\/wp-content\/uploads\/2021\/09\/Rugute_logo-b.svg","contentUrl":"https:\/\/rugute.lt\/wp-content\/uploads\/2021\/09\/Rugute_logo-b.svg","width":585,"height":583,"caption":"Labdaros ir paramos fondas \u201eRugut\u0117\u201c"},"image":{"@id":"https:\/\/rugute.lt\/#\/schema\/logo\/image\/"},"sameAs":["https:\/\/www.facebook.com\/rugute\/","https:\/\/x.com\/rugute","https:\/\/www.instagram.com\/rugute.lt\/","https:\/\/www.linkedin.com\/company\/rugute","https:\/\/www.youtube.com\/user\/Rugute\/videos","https:\/\/lt.wikipedia.org\/wiki\/Rugut\u0117"]},{"@type":"Person","@id":"https:\/\/rugute.lt\/#\/schema\/person\/22f718c56fde9098e0ecde9ef0d21c60","name":"Childhood Cancer Fund Rugut\u0117","image":{"@type":"ImageObject","inLanguage":"en-GB","@id":"https:\/\/rugute.lt\/wp-content\/uploads\/2021\/09\/Rugute_logo-c.svge93f40f5525813f02d1916a491d590a1","url":"https:\/\/rugute.lt\/wp-content\/uploads\/2021\/09\/Rugute_logo-c.svg","contentUrl":"https:\/\/rugute.lt\/wp-content\/uploads\/2021\/09\/Rugute_logo-c.svg","caption":"Labdaros ir paramos fondas \u201eRugut\u0117\u201c"}}]}},"authors":[{"term_id":249,"user_id":1,"is_guest":0,"slug":"rugute","display_name":"Labdaros ir paramos fondas \u201eRugut\u0117\u201c","avatar_url":{"url":"https:\/\/rugute.lt\/wp-content\/uploads\/2021\/09\/Rugute_logo-c.svg","url2x":"https:\/\/rugute.lt\/wp-content\/uploads\/2021\/09\/Rugute_logo-c.svg"},"0":null,"1":"","2":"","3":"","4":"","5":"","6":"","7":"","8":""}],"_links":{"self":[{"href":"https:\/\/rugute.lt\/en\/wp-json\/wp\/v2\/posts\/40295","targetHints":{"allow":["GET"]}}],"collection":[{"href":"https:\/\/rugute.lt\/en\/wp-json\/wp\/v2\/posts"}],"about":[{"href":"https:\/\/rugute.lt\/en\/wp-json\/wp\/v2\/types\/post"}],"author":[{"embeddable":true,"href":"https:\/\/rugute.lt\/en\/wp-json\/wp\/v2\/users\/1"}],"replies":[{"embeddable":true,"href":"https:\/\/rugute.lt\/en\/wp-json\/wp\/v2\/comments?post=40295"}],"version-history":[{"count":0,"href":"https:\/\/rugute.lt\/en\/wp-json\/wp\/v2\/posts\/40295\/revisions"}],"wp:featuredmedia":[{"embeddable":true,"href":"https:\/\/rugute.lt\/en\/wp-json\/wp\/v2\/media\/40296"}],"wp:attachment":[{"href":"https:\/\/rugute.lt\/en\/wp-json\/wp\/v2\/media?parent=40295"}],"wp:term":[{"taxonomy":"category","embeddable":true,"href":"https:\/\/rugute.lt\/en\/wp-json\/wp\/v2\/categories?post=40295"},{"taxonomy":"post_tag","embeddable":true,"href":"https:\/\/rugute.lt\/en\/wp-json\/wp\/v2\/tags?post=40295"},{"taxonomy":"author","embeddable":true,"href":"https:\/\/rugute.lt\/en\/wp-json\/wp\/v2\/ppma_author?post=40295"}],"curies":[{"name":"wp","href":"https:\/\/api.w.org\/{rel}","templated":true}]}}