{"id":40270,"date":"2015-09-21T12:00:00","date_gmt":"2015-09-21T09:00:00","guid":{"rendered":"https:\/\/rugute.lt\/?p=40270"},"modified":"2022-05-23T12:01:15","modified_gmt":"2022-05-23T09:01:15","slug":"mazieji-kapitonai-ir-vel-keliauja-i-sala-vidurzemio-juroje","status":"publish","type":"post","link":"https:\/\/rugute.lt\/en\/mazieji-kapitonai-ir-vel-keliauja-i-sala-vidurzemio-juroje\/","title":{"rendered":"Ma\u017eieji Kapitonai ir v\u0117l keliauja \u012f sal\u0105 Vidur\u017eemio j\u016broje"},"content":{"rendered":"<p style=\"text-align: justify;\">Pavasar\u012f penki \u201eRugut\u0117s\u201c globojami vaikai \u2013 Domantas, Justina, Ditas, Alanas ir Agn\u0117 bei j\u0173 artimieji savait\u0119 ils\u0117josi Maljorkoje. \u0160i\u0105 pa\u017eintin\u0119-poilsin\u0119 kelion\u0119 vaikams, \u012fveikusiems onkologin\u0119 lig\u0105, padovanojo Jurga ir Fredrik, atv\u0117r\u0119 savo nuostabios <a href=\"https:\/\/can-fanals.com\" target=\"_blank\" rel=\"noopener\">vilos \u201eCan Fanals\u201c<\/a> duris.<\/p>\n<p style=\"text-align: justify;\">Pavasar\u012f, sugr\u012f\u017e\u0119 i\u0161 kelion\u0117s, \u017eurnalo \u201eMa\u017eylis\u201c redaktorei Ievai Elenbergienei pasakojome: <em>\u201eJau seniai gvildenome mint\u012f, kad turime ne tik atsakingai r\u016bpintis ma\u017eaisiais ligonin\u0117s pacientais, bet taip pat nepalikti likimo valioje ir remisij\u0105 pasiekusi\u0173 vaik\u0173. Juk tam, kad pasveikt\u0173 ir k\u016bnas, ir ligos i\u0161sekinta siela, jiems b\u016btinas aktyvus ir pasyvus poilsis, naujos patirtys, d\u017eiaugsmingi \u012fsp\u016bd\u017eiai, nauji draugai. \u012esitemp\u0119 ir nedr\u0105s\u016bs vaikai vos po keli\u0173 nepakartojam\u0173 \u012fsp\u016bd\u017ei\u0173 kupin\u0173 dien\u0173 Maljorkoje tapo laisvi, i\u0161dyk\u0119, besi\u0161ypsantys.\u201c<\/em><\/p>\n<p style=\"text-align: justify;\">Baigiantis vaik\u0173 vie\u0161nagei saul\u0117toje viloje, i\u0161girdome Jurgos ir Fredrik pasi\u016blym\u0105 t\u0119sti \u0161\u012f prasming\u0105 projekt\u0105. Netrukus, spalio 3\u201310 dienomis, jie v\u0117l atvers vilos duris penkiems vaikams ir j\u0173 artimiesiems. Atvers duris tam, kad teikiamomis d\u017eiugiomis emocijomis, nuo\u0161ird\u017eiu r\u016bpes\u010diu ir meile pad\u0117t\u0173 vaik\u0173 sieloms sveikti.<\/p>\n<p style=\"text-align: center;\"><strong>\u0160irdyje nuolat jausime berib\u012f d\u0117kingum\u0105 Jurgai ir Fredrik u\u017e vaik\u0173 poils\u012f, naujas patirtis, \u0161ypsenas.<\/strong><\/p>\n<p style=\"text-align: center;\"><strong> Vaik\u0173 vardu i\u0161 visos \u0161irdies d\u0117kojame visiems, remiantiems \u0161\u012f projekt\u0105, ir su nekantrumu laukiame antros vaik\u0173 grup\u0117s \u012fsp\u016bd\u017ei\u0173.<\/strong><\/p>","protected":false},"excerpt":{"rendered":"<p>Pavasar\u012f penki \u201eRugut\u0117s\u201c globojami vaikai \u2013 Domantas, Justina, Ditas, Alanas ir Agn\u0117 bei j\u0173 artimieji savait\u0119 ils\u0117josi Maljorkoje. \u0160i\u0105 pa\u017eintin\u0119-poilsin\u0119 kelion\u0119 vaikams, \u012fveikusiems onkologin\u0119 lig\u0105, padovanojo Jurga ir Fredrik, atv\u0117r\u0119 savo nuostabios vilos \u201eCan Fanals\u201c duris. Pavasar\u012f, sugr\u012f\u017e\u0119 i\u0161 kelion\u0117s, \u017eurnalo \u201eMa\u017eylis\u201c redaktorei Ievai Elenbergienei pasakojome: \u201eJau seniai gvildenome mint\u012f, kad turime ne tik atsakingai [&hellip;]<\/p>\n","protected":false},"author":1,"featured_media":40271,"comment_status":"open","ping_status":"closed","sticky":false,"template":"","format":"standard","meta":{"footnotes":""},"categories":[78],"tags":[],"ppma_author":[249],"class_list":["post-40270","post","type-post","status-publish","format-standard","has-post-thumbnail","hentry","category-reabilitacinis-poilsis-maljorkoje"],"yoast_head":"<!-- This site is optimized with the Yoast SEO plugin v27.3 - https:\/\/yoast.com\/product\/yoast-seo-wordpress\/ -->\n<title>Ma\u017eieji Kapitonai ir v\u0117l keliauja \u012f sal\u0105 Vidur\u017eemio j\u016broje - \u201eRugut\u0117\u201c<\/title>\n<meta name=\"description\" content=\"\u0160i\u0105 pa\u017eintin\u0119-poilsin\u0119 kelion\u0119 vaikams, padovanojo Jurga ir Fredrik, atv\u0117r\u0119 savo nuostabios vilos \u201eCan Fanals\u201c duris.\" \/>\n<meta name=\"robots\" content=\"index, follow, max-snippet:-1, max-image-preview:large, max-video-preview:-1\" \/>\n<link rel=\"canonical\" href=\"https:\/\/rugute.lt\/en\/mazieji-kapitonai-ir-vel-keliauja-i-sala-vidurzemio-juroje\/\" \/>\n<meta property=\"og:locale\" content=\"en_GB\" \/>\n<meta property=\"og:type\" content=\"article\" \/>\n<meta property=\"og:title\" content=\"Ma\u017eieji Kapitonai ir v\u0117l keliauja \u012f sal\u0105 Vidur\u017eemio j\u016broje - \u201eRugut\u0117\u201c\" \/>\n<meta property=\"og:description\" content=\"\u0160i\u0105 pa\u017eintin\u0119-poilsin\u0119 kelion\u0119 vaikams, padovanojo Jurga ir Fredrik, atv\u0117r\u0119 savo nuostabios vilos \u201eCan Fanals\u201c duris.\" \/>\n<meta property=\"og:url\" content=\"https:\/\/rugute.lt\/en\/mazieji-kapitonai-ir-vel-keliauja-i-sala-vidurzemio-juroje\/\" \/>\n<meta property=\"og:site_name\" content=\"Labdaros ir paramos fondas \u201eRugut\u0117\u201c\" \/>\n<meta property=\"article:publisher\" content=\"https:\/\/www.facebook.com\/rugute\/\" \/>\n<meta property=\"article:published_time\" content=\"2015-09-21T09:00:00+00:00\" \/>\n<meta property=\"article:modified_time\" content=\"2022-05-23T09:01:15+00:00\" \/>\n<meta property=\"og:image\" content=\"https:\/\/rugute.lt\/wp-content\/uploads\/2022\/05\/150418-Maljorka-01.jpg\" \/>\n\t<meta property=\"og:image:width\" content=\"2000\" \/>\n\t<meta property=\"og:image:height\" content=\"1329\" \/>\n\t<meta property=\"og:image:type\" content=\"image\/jpeg\" \/>\n<meta name=\"author\" content=\"Labdaros ir paramos fondas \u201eRugut\u0117\u201c\" \/>\n<meta name=\"twitter:card\" content=\"summary_large_image\" \/>\n<meta name=\"twitter:creator\" content=\"@rugute\" \/>\n<meta name=\"twitter:site\" content=\"@rugute\" \/>\n<meta name=\"twitter:label1\" content=\"Written by\" \/>\n\t<meta name=\"twitter:data1\" content=\"Labdaros ir paramos fondas \u201eRugut\u0117\u201c\" \/>\n\t<meta name=\"twitter:label2\" content=\"Estimated reading time\" \/>\n\t<meta name=\"twitter:data2\" content=\"1 minute\" \/>\n<script type=\"application\/ld+json\" class=\"yoast-schema-graph\">{\"@context\":\"https:\\\/\\\/schema.org\",\"@graph\":[{\"@type\":\"Article\",\"@id\":\"https:\\\/\\\/rugute.lt\\\/mazieji-kapitonai-ir-vel-keliauja-i-sala-vidurzemio-juroje\\\/#article\",\"isPartOf\":{\"@id\":\"https:\\\/\\\/rugute.lt\\\/mazieji-kapitonai-ir-vel-keliauja-i-sala-vidurzemio-juroje\\\/\"},\"author\":{\"name\":\"Labdaros ir paramos fondas \u201eRugut\u0117\u201c\",\"@id\":\"https:\\\/\\\/rugute.lt\\\/#\\\/schema\\\/person\\\/22f718c56fde9098e0ecde9ef0d21c60\"},\"headline\":\"Ma\u017eieji Kapitonai ir v\u0117l keliauja \u012f sal\u0105 Vidur\u017eemio j\u016broje\",\"datePublished\":\"2015-09-21T09:00:00+00:00\",\"dateModified\":\"2022-05-23T09:01:15+00:00\",\"mainEntityOfPage\":{\"@id\":\"https:\\\/\\\/rugute.lt\\\/mazieji-kapitonai-ir-vel-keliauja-i-sala-vidurzemio-juroje\\\/\"},\"wordCount\":229,\"commentCount\":0,\"publisher\":{\"@id\":\"https:\\\/\\\/rugute.lt\\\/#organization\"},\"image\":{\"@id\":\"https:\\\/\\\/rugute.lt\\\/mazieji-kapitonai-ir-vel-keliauja-i-sala-vidurzemio-juroje\\\/#primaryimage\"},\"thumbnailUrl\":\"https:\\\/\\\/rugute.lt\\\/wp-content\\\/uploads\\\/2022\\\/05\\\/150418-Maljorka-01.jpg\",\"articleSection\":[\"Reabilitacinis poilsis Maljorkoje\"],\"inLanguage\":\"en-GB\"},{\"@type\":\"WebPage\",\"@id\":\"https:\\\/\\\/rugute.lt\\\/mazieji-kapitonai-ir-vel-keliauja-i-sala-vidurzemio-juroje\\\/\",\"url\":\"https:\\\/\\\/rugute.lt\\\/mazieji-kapitonai-ir-vel-keliauja-i-sala-vidurzemio-juroje\\\/\",\"name\":\"Ma\u017eieji Kapitonai ir v\u0117l keliauja \u012f sal\u0105 Vidur\u017eemio j\u016broje - \u201eRugut\u0117\u201c\",\"isPartOf\":{\"@id\":\"https:\\\/\\\/rugute.lt\\\/#website\"},\"primaryImageOfPage\":{\"@id\":\"https:\\\/\\\/rugute.lt\\\/mazieji-kapitonai-ir-vel-keliauja-i-sala-vidurzemio-juroje\\\/#primaryimage\"},\"image\":{\"@id\":\"https:\\\/\\\/rugute.lt\\\/mazieji-kapitonai-ir-vel-keliauja-i-sala-vidurzemio-juroje\\\/#primaryimage\"},\"thumbnailUrl\":\"https:\\\/\\\/rugute.lt\\\/wp-content\\\/uploads\\\/2022\\\/05\\\/150418-Maljorka-01.jpg\",\"datePublished\":\"2015-09-21T09:00:00+00:00\",\"dateModified\":\"2022-05-23T09:01:15+00:00\",\"description\":\"\u0160i\u0105 pa\u017eintin\u0119-poilsin\u0119 kelion\u0119 vaikams, padovanojo Jurga ir Fredrik, atv\u0117r\u0119 savo nuostabios vilos \u201eCan Fanals\u201c duris.\",\"breadcrumb\":{\"@id\":\"https:\\\/\\\/rugute.lt\\\/mazieji-kapitonai-ir-vel-keliauja-i-sala-vidurzemio-juroje\\\/#breadcrumb\"},\"inLanguage\":\"en-GB\",\"potentialAction\":[{\"@type\":\"ReadAction\",\"target\":[\"https:\\\/\\\/rugute.lt\\\/mazieji-kapitonai-ir-vel-keliauja-i-sala-vidurzemio-juroje\\\/\"]}]},{\"@type\":\"ImageObject\",\"inLanguage\":\"en-GB\",\"@id\":\"https:\\\/\\\/rugute.lt\\\/mazieji-kapitonai-ir-vel-keliauja-i-sala-vidurzemio-juroje\\\/#primaryimage\",\"url\":\"https:\\\/\\\/rugute.lt\\\/wp-content\\\/uploads\\\/2022\\\/05\\\/150418-Maljorka-01.jpg\",\"contentUrl\":\"https:\\\/\\\/rugute.lt\\\/wp-content\\\/uploads\\\/2022\\\/05\\\/150418-Maljorka-01.jpg\",\"width\":2000,\"height\":1329,\"caption\":\"\u201eVaik\u0173, sirgusi\u0173 onkologin\u0117mis ligomis, reabilitacinis poilsis Maljorkoje\u201c\"},{\"@type\":\"BreadcrumbList\",\"@id\":\"https:\\\/\\\/rugute.lt\\\/mazieji-kapitonai-ir-vel-keliauja-i-sala-vidurzemio-juroje\\\/#breadcrumb\",\"itemListElement\":[{\"@type\":\"ListItem\",\"position\":1,\"name\":\"Prad\u017eia\",\"item\":\"https:\\\/\\\/rugute.lt\\\/\"},{\"@type\":\"ListItem\",\"position\":2,\"name\":\"Projektai\",\"item\":\"https:\\\/\\\/rugute.lt\\\/projektai\\\/\"},{\"@type\":\"ListItem\",\"position\":3,\"name\":\"Reabilitacinis poilsis Maljorkoje\",\"item\":\"https:\\\/\\\/rugute.lt\\\/projektai\\\/reabilitacinis-poilsis-maljorkoje\\\/\"},{\"@type\":\"ListItem\",\"position\":4,\"name\":\"Ma\u017eieji Kapitonai ir v\u0117l keliauja \u012f sal\u0105 Vidur\u017eemio j\u016broje\"}]},{\"@type\":\"WebSite\",\"@id\":\"https:\\\/\\\/rugute.lt\\\/#website\",\"url\":\"https:\\\/\\\/rugute.lt\\\/\",\"name\":\"Labdaros ir paramos fondas \u201eRugut\u0117\u201c\",\"description\":\"Parama vaikams sergantiems v\u0117\u017eiu\",\"publisher\":{\"@id\":\"https:\\\/\\\/rugute.lt\\\/#organization\"},\"potentialAction\":[{\"@type\":\"SearchAction\",\"target\":{\"@type\":\"EntryPoint\",\"urlTemplate\":\"https:\\\/\\\/rugute.lt\\\/?s={search_term_string}\"},\"query-input\":{\"@type\":\"PropertyValueSpecification\",\"valueRequired\":true,\"valueName\":\"search_term_string\"}}],\"inLanguage\":\"en-GB\"},{\"@type\":\"Organization\",\"@id\":\"https:\\\/\\\/rugute.lt\\\/#organization\",\"name\":\"Labdaros ir paramos fondas \u201eRugut\u0117\u201c\",\"url\":\"https:\\\/\\\/rugute.lt\\\/\",\"logo\":{\"@type\":\"ImageObject\",\"inLanguage\":\"en-GB\",\"@id\":\"https:\\\/\\\/rugute.lt\\\/#\\\/schema\\\/logo\\\/image\\\/\",\"url\":\"https:\\\/\\\/rugute.lt\\\/wp-content\\\/uploads\\\/2021\\\/09\\\/Rugute_logo-b.svg\",\"contentUrl\":\"https:\\\/\\\/rugute.lt\\\/wp-content\\\/uploads\\\/2021\\\/09\\\/Rugute_logo-b.svg\",\"width\":585,\"height\":583,\"caption\":\"Labdaros ir paramos fondas \u201eRugut\u0117\u201c\"},\"image\":{\"@id\":\"https:\\\/\\\/rugute.lt\\\/#\\\/schema\\\/logo\\\/image\\\/\"},\"sameAs\":[\"https:\\\/\\\/www.facebook.com\\\/rugute\\\/\",\"https:\\\/\\\/x.com\\\/rugute\",\"https:\\\/\\\/www.instagram.com\\\/rugute.lt\\\/\",\"https:\\\/\\\/www.linkedin.com\\\/company\\\/rugute\",\"https:\\\/\\\/www.youtube.com\\\/user\\\/Rugute\\\/videos\",\"https:\\\/\\\/lt.wikipedia.org\\\/wiki\\\/Rugut\u0117\"]},{\"@type\":\"Person\",\"@id\":\"https:\\\/\\\/rugute.lt\\\/#\\\/schema\\\/person\\\/22f718c56fde9098e0ecde9ef0d21c60\",\"name\":\"Labdaros ir paramos fondas \u201eRugut\u0117\u201c\",\"image\":{\"@type\":\"ImageObject\",\"inLanguage\":\"en-GB\",\"@id\":\"https:\\\/\\\/rugute.lt\\\/wp-content\\\/uploads\\\/2021\\\/09\\\/Rugute_logo-c.svge93f40f5525813f02d1916a491d590a1\",\"url\":\"https:\\\/\\\/rugute.lt\\\/wp-content\\\/uploads\\\/2021\\\/09\\\/Rugute_logo-c.svg\",\"contentUrl\":\"https:\\\/\\\/rugute.lt\\\/wp-content\\\/uploads\\\/2021\\\/09\\\/Rugute_logo-c.svg\",\"caption\":\"Labdaros ir paramos fondas \u201eRugut\u0117\u201c\"}}]}<\/script>\n<!-- \/ Yoast SEO plugin. -->","yoast_head_json":{"title":"Ma\u017eieji Kapitonai ir v\u0117l keliauja \u012f sal\u0105 Vidur\u017eemio j\u016broje - \u201eRugut\u0117\u201c","description":"\u0160i\u0105 pa\u017eintin\u0119-poilsin\u0119 kelion\u0119 vaikams, padovanojo Jurga ir Fredrik, atv\u0117r\u0119 savo nuostabios vilos \u201eCan Fanals\u201c duris.","robots":{"index":"index","follow":"follow","max-snippet":"max-snippet:-1","max-image-preview":"max-image-preview:large","max-video-preview":"max-video-preview:-1"},"canonical":"https:\/\/rugute.lt\/en\/mazieji-kapitonai-ir-vel-keliauja-i-sala-vidurzemio-juroje\/","og_locale":"en_GB","og_type":"article","og_title":"Ma\u017eieji Kapitonai ir v\u0117l keliauja \u012f sal\u0105 Vidur\u017eemio j\u016broje - \u201eRugut\u0117\u201c","og_description":"\u0160i\u0105 pa\u017eintin\u0119-poilsin\u0119 kelion\u0119 vaikams, padovanojo Jurga ir Fredrik, atv\u0117r\u0119 savo nuostabios vilos \u201eCan Fanals\u201c duris.","og_url":"https:\/\/rugute.lt\/en\/mazieji-kapitonai-ir-vel-keliauja-i-sala-vidurzemio-juroje\/","og_site_name":"Labdaros ir paramos fondas \u201eRugut\u0117\u201c","article_publisher":"https:\/\/www.facebook.com\/rugute\/","article_published_time":"2015-09-21T09:00:00+00:00","article_modified_time":"2022-05-23T09:01:15+00:00","og_image":[{"width":2000,"height":1329,"url":"https:\/\/rugute.lt\/wp-content\/uploads\/2022\/05\/150418-Maljorka-01.jpg","type":"image\/jpeg"}],"author":"Labdaros ir paramos fondas \u201eRugut\u0117\u201c","twitter_card":"summary_large_image","twitter_creator":"@rugute","twitter_site":"@rugute","twitter_misc":{"Written by":"Labdaros ir paramos fondas \u201eRugut\u0117\u201c","Estimated reading time":"1 minute"},"schema":{"@context":"https:\/\/schema.org","@graph":[{"@type":"Article","@id":"https:\/\/rugute.lt\/mazieji-kapitonai-ir-vel-keliauja-i-sala-vidurzemio-juroje\/#article","isPartOf":{"@id":"https:\/\/rugute.lt\/mazieji-kapitonai-ir-vel-keliauja-i-sala-vidurzemio-juroje\/"},"author":{"name":"Labdaros ir paramos fondas \u201eRugut\u0117\u201c","@id":"https:\/\/rugute.lt\/#\/schema\/person\/22f718c56fde9098e0ecde9ef0d21c60"},"headline":"Ma\u017eieji Kapitonai ir v\u0117l keliauja \u012f sal\u0105 Vidur\u017eemio j\u016broje","datePublished":"2015-09-21T09:00:00+00:00","dateModified":"2022-05-23T09:01:15+00:00","mainEntityOfPage":{"@id":"https:\/\/rugute.lt\/mazieji-kapitonai-ir-vel-keliauja-i-sala-vidurzemio-juroje\/"},"wordCount":229,"commentCount":0,"publisher":{"@id":"https:\/\/rugute.lt\/#organization"},"image":{"@id":"https:\/\/rugute.lt\/mazieji-kapitonai-ir-vel-keliauja-i-sala-vidurzemio-juroje\/#primaryimage"},"thumbnailUrl":"https:\/\/rugute.lt\/wp-content\/uploads\/2022\/05\/150418-Maljorka-01.jpg","articleSection":["Reabilitacinis poilsis Maljorkoje"],"inLanguage":"en-GB"},{"@type":"WebPage","@id":"https:\/\/rugute.lt\/mazieji-kapitonai-ir-vel-keliauja-i-sala-vidurzemio-juroje\/","url":"https:\/\/rugute.lt\/mazieji-kapitonai-ir-vel-keliauja-i-sala-vidurzemio-juroje\/","name":"Ma\u017eieji Kapitonai ir v\u0117l keliauja \u012f sal\u0105 Vidur\u017eemio j\u016broje - \u201eRugut\u0117\u201c","isPartOf":{"@id":"https:\/\/rugute.lt\/#website"},"primaryImageOfPage":{"@id":"https:\/\/rugute.lt\/mazieji-kapitonai-ir-vel-keliauja-i-sala-vidurzemio-juroje\/#primaryimage"},"image":{"@id":"https:\/\/rugute.lt\/mazieji-kapitonai-ir-vel-keliauja-i-sala-vidurzemio-juroje\/#primaryimage"},"thumbnailUrl":"https:\/\/rugute.lt\/wp-content\/uploads\/2022\/05\/150418-Maljorka-01.jpg","datePublished":"2015-09-21T09:00:00+00:00","dateModified":"2022-05-23T09:01:15+00:00","description":"\u0160i\u0105 pa\u017eintin\u0119-poilsin\u0119 kelion\u0119 vaikams, padovanojo Jurga ir Fredrik, atv\u0117r\u0119 savo nuostabios vilos \u201eCan Fanals\u201c duris.","breadcrumb":{"@id":"https:\/\/rugute.lt\/mazieji-kapitonai-ir-vel-keliauja-i-sala-vidurzemio-juroje\/#breadcrumb"},"inLanguage":"en-GB","potentialAction":[{"@type":"ReadAction","target":["https:\/\/rugute.lt\/mazieji-kapitonai-ir-vel-keliauja-i-sala-vidurzemio-juroje\/"]}]},{"@type":"ImageObject","inLanguage":"en-GB","@id":"https:\/\/rugute.lt\/mazieji-kapitonai-ir-vel-keliauja-i-sala-vidurzemio-juroje\/#primaryimage","url":"https:\/\/rugute.lt\/wp-content\/uploads\/2022\/05\/150418-Maljorka-01.jpg","contentUrl":"https:\/\/rugute.lt\/wp-content\/uploads\/2022\/05\/150418-Maljorka-01.jpg","width":2000,"height":1329,"caption":"\u201eVaik\u0173, sirgusi\u0173 onkologin\u0117mis ligomis, reabilitacinis poilsis Maljorkoje\u201c"},{"@type":"BreadcrumbList","@id":"https:\/\/rugute.lt\/mazieji-kapitonai-ir-vel-keliauja-i-sala-vidurzemio-juroje\/#breadcrumb","itemListElement":[{"@type":"ListItem","position":1,"name":"Prad\u017eia","item":"https:\/\/rugute.lt\/"},{"@type":"ListItem","position":2,"name":"Projektai","item":"https:\/\/rugute.lt\/projektai\/"},{"@type":"ListItem","position":3,"name":"Reabilitacinis poilsis Maljorkoje","item":"https:\/\/rugute.lt\/projektai\/reabilitacinis-poilsis-maljorkoje\/"},{"@type":"ListItem","position":4,"name":"Ma\u017eieji Kapitonai ir v\u0117l keliauja \u012f sal\u0105 Vidur\u017eemio j\u016broje"}]},{"@type":"WebSite","@id":"https:\/\/rugute.lt\/#website","url":"https:\/\/rugute.lt\/","name":"Childhood Cancer Fund Rugut\u0117","description":"Parama vaikams sergantiems v\u0117\u017eiu","publisher":{"@id":"https:\/\/rugute.lt\/#organization"},"potentialAction":[{"@type":"SearchAction","target":{"@type":"EntryPoint","urlTemplate":"https:\/\/rugute.lt\/?s={search_term_string}"},"query-input":{"@type":"PropertyValueSpecification","valueRequired":true,"valueName":"search_term_string"}}],"inLanguage":"en-GB"},{"@type":"Organization","@id":"https:\/\/rugute.lt\/#organization","name":"Childhood Cancer Fund Rugut\u0117","url":"https:\/\/rugute.lt\/","logo":{"@type":"ImageObject","inLanguage":"en-GB","@id":"https:\/\/rugute.lt\/#\/schema\/logo\/image\/","url":"https:\/\/rugute.lt\/wp-content\/uploads\/2021\/09\/Rugute_logo-b.svg","contentUrl":"https:\/\/rugute.lt\/wp-content\/uploads\/2021\/09\/Rugute_logo-b.svg","width":585,"height":583,"caption":"Labdaros ir paramos fondas \u201eRugut\u0117\u201c"},"image":{"@id":"https:\/\/rugute.lt\/#\/schema\/logo\/image\/"},"sameAs":["https:\/\/www.facebook.com\/rugute\/","https:\/\/x.com\/rugute","https:\/\/www.instagram.com\/rugute.lt\/","https:\/\/www.linkedin.com\/company\/rugute","https:\/\/www.youtube.com\/user\/Rugute\/videos","https:\/\/lt.wikipedia.org\/wiki\/Rugut\u0117"]},{"@type":"Person","@id":"https:\/\/rugute.lt\/#\/schema\/person\/22f718c56fde9098e0ecde9ef0d21c60","name":"Childhood Cancer Fund Rugut\u0117","image":{"@type":"ImageObject","inLanguage":"en-GB","@id":"https:\/\/rugute.lt\/wp-content\/uploads\/2021\/09\/Rugute_logo-c.svge93f40f5525813f02d1916a491d590a1","url":"https:\/\/rugute.lt\/wp-content\/uploads\/2021\/09\/Rugute_logo-c.svg","contentUrl":"https:\/\/rugute.lt\/wp-content\/uploads\/2021\/09\/Rugute_logo-c.svg","caption":"Labdaros ir paramos fondas \u201eRugut\u0117\u201c"}}]}},"authors":[{"term_id":249,"user_id":1,"is_guest":0,"slug":"rugute","display_name":"Labdaros ir paramos fondas \u201eRugut\u0117\u201c","avatar_url":{"url":"https:\/\/rugute.lt\/wp-content\/uploads\/2021\/09\/Rugute_logo-c.svg","url2x":"https:\/\/rugute.lt\/wp-content\/uploads\/2021\/09\/Rugute_logo-c.svg"},"0":null,"1":"","2":"","3":"","4":"","5":"","6":"","7":"","8":""}],"_links":{"self":[{"href":"https:\/\/rugute.lt\/en\/wp-json\/wp\/v2\/posts\/40270","targetHints":{"allow":["GET"]}}],"collection":[{"href":"https:\/\/rugute.lt\/en\/wp-json\/wp\/v2\/posts"}],"about":[{"href":"https:\/\/rugute.lt\/en\/wp-json\/wp\/v2\/types\/post"}],"author":[{"embeddable":true,"href":"https:\/\/rugute.lt\/en\/wp-json\/wp\/v2\/users\/1"}],"replies":[{"embeddable":true,"href":"https:\/\/rugute.lt\/en\/wp-json\/wp\/v2\/comments?post=40270"}],"version-history":[{"count":0,"href":"https:\/\/rugute.lt\/en\/wp-json\/wp\/v2\/posts\/40270\/revisions"}],"wp:featuredmedia":[{"embeddable":true,"href":"https:\/\/rugute.lt\/en\/wp-json\/wp\/v2\/media\/40271"}],"wp:attachment":[{"href":"https:\/\/rugute.lt\/en\/wp-json\/wp\/v2\/media?parent=40270"}],"wp:term":[{"taxonomy":"category","embeddable":true,"href":"https:\/\/rugute.lt\/en\/wp-json\/wp\/v2\/categories?post=40270"},{"taxonomy":"post_tag","embeddable":true,"href":"https:\/\/rugute.lt\/en\/wp-json\/wp\/v2\/tags?post=40270"},{"taxonomy":"author","embeddable":true,"href":"https:\/\/rugute.lt\/en\/wp-json\/wp\/v2\/ppma_author?post=40270"}],"curies":[{"name":"wp","href":"https:\/\/api.w.org\/{rel}","templated":true}]}}