{"id":25787,"date":"2020-02-16T17:37:00","date_gmt":"2020-02-16T15:37:00","guid":{"rendered":"https:\/\/rugute.lt\/?p=25787"},"modified":"2021-09-16T10:33:40","modified_gmt":"2021-09-16T07:33:40","slug":"maluneliai-iskeliavo-i-airija","status":"publish","type":"post","link":"https:\/\/rugute.lt\/en\/maluneliai-iskeliavo-i-airija\/","title":{"rendered":"Mal\u016bn\u0117liai i\u0161keliavo \u012f Airij\u0105"},"content":{"rendered":"\n<div class=\"kvgmc6g5 cxmmr5t8 oygrvhab hcukyx3x c1et5uql ii04i59q\">\n<div dir=\"auto\" style=\"text-align: justify;\">Ar gali b\u016bti prasmingesn\u0117 diena? \u0160iandien i\u0161 \u201eRugut\u0117s nam\u0173\u201c i\u0161keliauja siuntinys \u012f Airij\u0105. I\u0161keliauja \u012f lietuvi\u0173 namus \u0161irdis tam, kad skleist\u0173 palank\u0173 v\u0117j\u0105 vaikams, einantiems sunkios ligos keliu, o trispalv\u0117s spalvomis da\u017eyti koteliai bylot\u0173 apie meil\u0119 Lietuvai.<\/div>\n<div dir=\"auto\">\u00a0<\/div>\n<\/div>\n<div class=\"o9v6fnle cxmmr5t8 oygrvhab hcukyx3x c1et5uql ii04i59q\">\n<div dir=\"auto\" style=\"text-align: justify;\">Iki dangaus d\u0117kojame LR ambasadoriui Airijoje Egidijui Meil\u016bnui (<a class=\"oajrlxb2 g5ia77u1 qu0x051f esr5mh6w e9989ue4 r7d6kgcz rq0escxv nhd2j8a9 nc684nl6 p7hjln8o kvgmc6g5 cxmmr5t8 oygrvhab hcukyx3x jb3vyjys rz4wbd8a qt6c0cv9 a8nywdso i1ao9s8h esuyzwwr f1sip0of lzcic4wl q66pz984 gpro0wi8 b1v8xokw\" tabindex=\"0\" role=\"link\" href=\"https:\/\/www.facebook.com\/egidijus.meilunas.5?__cft__[0]=AZWtcD4ZN7W_UQ4OPBgu02t2qa_WbkXzTx5fE8RGKxyGNjyaZ1nblkXymJLnvkEPnIbDYzWcmxNmLfibXPXloW7F48o049QD0cuiCTAbjoeV0Sg-dcX1zhiBAkft2CEXBZ1ZMG2LOcuB9yifusKo7kJC&amp;__tn__=-]K-R\"><span class=\"nc684nl6\">Egidijus Meil\u016bnas<\/span><\/a>) u\u017e daugiau nei de\u0161imtmet\u012f besit\u0119sian\u010di\u0105 draugyst\u0119 ir palaikym\u0105.<\/div>\n<div dir=\"auto\">\u00a0<\/div>\n<div dir=\"auto\" style=\"text-align: justify;\">\u0160iltai d\u0117kojame <a class=\"oajrlxb2 g5ia77u1 qu0x051f esr5mh6w e9989ue4 r7d6kgcz rq0escxv nhd2j8a9 nc684nl6 p7hjln8o kvgmc6g5 cxmmr5t8 oygrvhab hcukyx3x jb3vyjys rz4wbd8a qt6c0cv9 a8nywdso i1ao9s8h esuyzwwr f1sip0of lzcic4wl q66pz984 gpro0wi8 b1v8xokw\" tabindex=\"0\" role=\"link\" href=\"https:\/\/www.facebook.com\/ausra.vekrikiene?__cft__[0]=AZWtcD4ZN7W_UQ4OPBgu02t2qa_WbkXzTx5fE8RGKxyGNjyaZ1nblkXymJLnvkEPnIbDYzWcmxNmLfibXPXloW7F48o049QD0cuiCTAbjoeV0Sg-dcX1zhiBAkft2CEXBZ1ZMG2LOcuB9yifusKo7kJC&amp;__tn__=-]K-R\"><span class=\"nc684nl6\">Ausra<\/span><\/a>i u\u017e \u0161ios kilnios iniciatyvos t\u0119stinum\u0105. \u201eA\u010di\u016b\u201c tariame organizacijai \u201e<a class=\"oajrlxb2 g5ia77u1 qu0x051f esr5mh6w e9989ue4 r7d6kgcz rq0escxv nhd2j8a9 nc684nl6 p7hjln8o kvgmc6g5 cxmmr5t8 oygrvhab hcukyx3x jb3vyjys rz4wbd8a qt6c0cv9 a8nywdso i1ao9s8h esuyzwwr f1sip0of lzcic4wl q66pz984 gpro0wi8 b1v8xokw\" tabindex=\"0\" role=\"link\" href=\"https:\/\/www.facebook.com\/Airijos-lietuviams-r%C5%ABpi-893219090720347\/?__cft__[0]=AZWtcD4ZN7W_UQ4OPBgu02t2qa_WbkXzTx5fE8RGKxyGNjyaZ1nblkXymJLnvkEPnIbDYzWcmxNmLfibXPXloW7F48o049QD0cuiCTAbjoeV0Sg-dcX1zhiBAkft2CEXBZ1ZMG2LOcuB9yifusKo7kJC&amp;__tn__=kK-R\"><span class=\"nc684nl6\">Airijos lietuviams r\u016bpi<\/span><\/a>\u201c u\u017e palankaus v\u0117jo sklaid\u0105 Airijoje.<\/div>\n<div dir=\"auto\">\u00a0<\/div>\n<\/div>\n<div class=\"o9v6fnle cxmmr5t8 oygrvhab hcukyx3x c1et5uql ii04i59q\">\n<div dir=\"auto\" style=\"text-align: justify;\">Tad tegu sukasi baltasparniai mal\u016bn\u0117liai, vienydami viso pasaulio lietuvius geriems darbams \u201evardan tos Lietuvos\u201c ir vardan jos vaik\u0173!<\/div>\n<\/div>\n","protected":false},"excerpt":{"rendered":"<p>Ar gali b\u016bti prasmingesn\u0117 diena? \u0160iandien i\u0161 \u201eRugut\u0117s nam\u0173\u201c i\u0161keliauja siuntinys \u012f Airij\u0105. I\u0161keliauja \u012f lietuvi\u0173 namus \u0161irdis tam, kad skleist\u0173 palank\u0173 v\u0117j\u0105 vaikams, einantiems sunkios ligos keliu, o trispalv\u0117s spalvomis da\u017eyti koteliai bylot\u0173 apie meil\u0119 Lietuvai. \u00a0 Iki dangaus d\u0117kojame LR ambasadoriui Airijoje Egidijui Meil\u016bnui (Egidijus Meil\u016bnas) u\u017e daugiau nei de\u0161imtmet\u012f besit\u0119sian\u010di\u0105 draugyst\u0119 ir [&hellip;]<\/p>\n","protected":false},"author":1,"featured_media":25789,"comment_status":"closed","ping_status":"open","sticky":false,"template":"","format":"standard","meta":{"footnotes":""},"categories":[261,272],"tags":[],"ppma_author":[249],"class_list":["post-25787","post","type-post","status-publish","format-standard","has-post-thumbnail","hentry","category-iniciatyvos-is-uzsienio","category-palankaus-vejo-maluneliai"],"yoast_head":"<!-- This site is optimized with the Yoast SEO plugin v27.3 - https:\/\/yoast.com\/product\/yoast-seo-wordpress\/ -->\n<title>Mal\u016bn\u0117liai i\u0161keliavo \u012f Airij\u0105 - Labdaros ir paramos fondas \u201eRugut\u0117\u201c<\/title>\n<meta name=\"robots\" content=\"index, follow, max-snippet:-1, max-image-preview:large, max-video-preview:-1\" \/>\n<link rel=\"canonical\" href=\"https:\/\/rugute.lt\/en\/maluneliai-iskeliavo-i-airija\/\" \/>\n<meta property=\"og:locale\" content=\"en_GB\" \/>\n<meta property=\"og:type\" content=\"article\" \/>\n<meta property=\"og:title\" content=\"Mal\u016bn\u0117liai i\u0161keliavo \u012f Airij\u0105 - Labdaros ir paramos fondas \u201eRugut\u0117\u201c\" \/>\n<meta property=\"og:description\" content=\"Ar gali b\u016bti prasmingesn\u0117 diena? \u0160iandien i\u0161 \u201eRugut\u0117s nam\u0173\u201c i\u0161keliauja siuntinys \u012f Airij\u0105. I\u0161keliauja \u012f lietuvi\u0173 namus \u0161irdis tam, kad skleist\u0173 palank\u0173 v\u0117j\u0105 vaikams, einantiems sunkios ligos keliu, o trispalv\u0117s spalvomis da\u017eyti koteliai bylot\u0173 apie meil\u0119 Lietuvai. \u00a0 Iki dangaus d\u0117kojame LR ambasadoriui Airijoje Egidijui Meil\u016bnui (Egidijus Meil\u016bnas) u\u017e daugiau nei de\u0161imtmet\u012f besit\u0119sian\u010di\u0105 draugyst\u0119 ir [&hellip;]\" \/>\n<meta property=\"og:url\" content=\"https:\/\/rugute.lt\/en\/maluneliai-iskeliavo-i-airija\/\" \/>\n<meta property=\"og:site_name\" content=\"Labdaros ir paramos fondas \u201eRugut\u0117\u201c\" \/>\n<meta property=\"article:publisher\" content=\"https:\/\/www.facebook.com\/rugute\/\" \/>\n<meta property=\"article:published_time\" content=\"2020-02-16T15:37:00+00:00\" \/>\n<meta property=\"article:modified_time\" content=\"2021-09-16T07:33:40+00:00\" \/>\n<meta property=\"og:image\" content=\"https:\/\/rugute.lt\/wp-content\/uploads\/2021\/08\/200216_Siuntinys-01.jpg\" \/>\n\t<meta property=\"og:image:width\" content=\"2000\" \/>\n\t<meta property=\"og:image:height\" content=\"1333\" \/>\n\t<meta property=\"og:image:type\" content=\"image\/jpeg\" \/>\n<meta name=\"author\" content=\"Labdaros ir paramos fondas \u201eRugut\u0117\u201c\" \/>\n<meta name=\"twitter:card\" content=\"summary_large_image\" \/>\n<meta name=\"twitter:creator\" content=\"@rugute\" \/>\n<meta name=\"twitter:site\" content=\"@rugute\" \/>\n<meta name=\"twitter:label1\" content=\"Written by\" \/>\n\t<meta name=\"twitter:data1\" content=\"Labdaros ir paramos fondas \u201eRugut\u0117\u201c\" \/>\n\t<meta name=\"twitter:label2\" content=\"Estimated reading time\" \/>\n\t<meta name=\"twitter:data2\" content=\"1 minute\" \/>\n<script type=\"application\/ld+json\" class=\"yoast-schema-graph\">{\"@context\":\"https:\\\/\\\/schema.org\",\"@graph\":[{\"@type\":\"Article\",\"@id\":\"https:\\\/\\\/rugute.lt\\\/maluneliai-iskeliavo-i-airija\\\/#article\",\"isPartOf\":{\"@id\":\"https:\\\/\\\/rugute.lt\\\/maluneliai-iskeliavo-i-airija\\\/\"},\"author\":{\"name\":\"Labdaros ir paramos fondas \u201eRugut\u0117\u201c\",\"@id\":\"https:\\\/\\\/rugute.lt\\\/#\\\/schema\\\/person\\\/22f718c56fde9098e0ecde9ef0d21c60\"},\"headline\":\"Mal\u016bn\u0117liai i\u0161keliavo \u012f Airij\u0105\",\"datePublished\":\"2020-02-16T15:37:00+00:00\",\"dateModified\":\"2021-09-16T07:33:40+00:00\",\"mainEntityOfPage\":{\"@id\":\"https:\\\/\\\/rugute.lt\\\/maluneliai-iskeliavo-i-airija\\\/\"},\"wordCount\":117,\"publisher\":{\"@id\":\"https:\\\/\\\/rugute.lt\\\/#organization\"},\"image\":{\"@id\":\"https:\\\/\\\/rugute.lt\\\/maluneliai-iskeliavo-i-airija\\\/#primaryimage\"},\"thumbnailUrl\":\"https:\\\/\\\/rugute.lt\\\/wp-content\\\/uploads\\\/2021\\\/08\\\/200216_Siuntinys-01.jpg\",\"articleSection\":[\"Iniciatyvos i\u0161 u\u017esienio\",\"Palankaus v\u0117jo mal\u016bn\u0117liai\"],\"inLanguage\":\"en-GB\"},{\"@type\":\"WebPage\",\"@id\":\"https:\\\/\\\/rugute.lt\\\/maluneliai-iskeliavo-i-airija\\\/\",\"url\":\"https:\\\/\\\/rugute.lt\\\/maluneliai-iskeliavo-i-airija\\\/\",\"name\":\"Mal\u016bn\u0117liai i\u0161keliavo \u012f Airij\u0105 - Labdaros ir paramos fondas \u201eRugut\u0117\u201c\",\"isPartOf\":{\"@id\":\"https:\\\/\\\/rugute.lt\\\/#website\"},\"primaryImageOfPage\":{\"@id\":\"https:\\\/\\\/rugute.lt\\\/maluneliai-iskeliavo-i-airija\\\/#primaryimage\"},\"image\":{\"@id\":\"https:\\\/\\\/rugute.lt\\\/maluneliai-iskeliavo-i-airija\\\/#primaryimage\"},\"thumbnailUrl\":\"https:\\\/\\\/rugute.lt\\\/wp-content\\\/uploads\\\/2021\\\/08\\\/200216_Siuntinys-01.jpg\",\"datePublished\":\"2020-02-16T15:37:00+00:00\",\"dateModified\":\"2021-09-16T07:33:40+00:00\",\"breadcrumb\":{\"@id\":\"https:\\\/\\\/rugute.lt\\\/maluneliai-iskeliavo-i-airija\\\/#breadcrumb\"},\"inLanguage\":\"en-GB\",\"potentialAction\":[{\"@type\":\"ReadAction\",\"target\":[\"https:\\\/\\\/rugute.lt\\\/maluneliai-iskeliavo-i-airija\\\/\"]}]},{\"@type\":\"ImageObject\",\"inLanguage\":\"en-GB\",\"@id\":\"https:\\\/\\\/rugute.lt\\\/maluneliai-iskeliavo-i-airija\\\/#primaryimage\",\"url\":\"https:\\\/\\\/rugute.lt\\\/wp-content\\\/uploads\\\/2021\\\/08\\\/200216_Siuntinys-01.jpg\",\"contentUrl\":\"https:\\\/\\\/rugute.lt\\\/wp-content\\\/uploads\\\/2021\\\/08\\\/200216_Siuntinys-01.jpg\",\"width\":2000,\"height\":1333,\"caption\":\"Siuntinys \u012f Airij\u0105\"},{\"@type\":\"BreadcrumbList\",\"@id\":\"https:\\\/\\\/rugute.lt\\\/maluneliai-iskeliavo-i-airija\\\/#breadcrumb\",\"itemListElement\":[{\"@type\":\"ListItem\",\"position\":1,\"name\":\"Prad\u017eia\",\"item\":\"https:\\\/\\\/rugute.lt\\\/\"},{\"@type\":\"ListItem\",\"position\":2,\"name\":\"Paramos Iniciatyvos\",\"item\":\"https:\\\/\\\/rugute.lt\\\/paramos-iniciatyvos\\\/\"},{\"@type\":\"ListItem\",\"position\":3,\"name\":\"Iniciatyvos i\u0161 u\u017esienio\",\"item\":\"https:\\\/\\\/rugute.lt\\\/paramos-iniciatyvos\\\/iniciatyvos-is-uzsienio\\\/\"},{\"@type\":\"ListItem\",\"position\":4,\"name\":\"Mal\u016bn\u0117liai i\u0161keliavo \u012f Airij\u0105\"}]},{\"@type\":\"WebSite\",\"@id\":\"https:\\\/\\\/rugute.lt\\\/#website\",\"url\":\"https:\\\/\\\/rugute.lt\\\/\",\"name\":\"Labdaros ir paramos fondas \u201eRugut\u0117\u201c\",\"description\":\"Parama vaikams sergantiems v\u0117\u017eiu\",\"publisher\":{\"@id\":\"https:\\\/\\\/rugute.lt\\\/#organization\"},\"potentialAction\":[{\"@type\":\"SearchAction\",\"target\":{\"@type\":\"EntryPoint\",\"urlTemplate\":\"https:\\\/\\\/rugute.lt\\\/?s={search_term_string}\"},\"query-input\":{\"@type\":\"PropertyValueSpecification\",\"valueRequired\":true,\"valueName\":\"search_term_string\"}}],\"inLanguage\":\"en-GB\"},{\"@type\":\"Organization\",\"@id\":\"https:\\\/\\\/rugute.lt\\\/#organization\",\"name\":\"Labdaros ir paramos fondas \u201eRugut\u0117\u201c\",\"url\":\"https:\\\/\\\/rugute.lt\\\/\",\"logo\":{\"@type\":\"ImageObject\",\"inLanguage\":\"en-GB\",\"@id\":\"https:\\\/\\\/rugute.lt\\\/#\\\/schema\\\/logo\\\/image\\\/\",\"url\":\"https:\\\/\\\/rugute.lt\\\/wp-content\\\/uploads\\\/2021\\\/09\\\/Rugute_logo-b.svg\",\"contentUrl\":\"https:\\\/\\\/rugute.lt\\\/wp-content\\\/uploads\\\/2021\\\/09\\\/Rugute_logo-b.svg\",\"width\":585,\"height\":583,\"caption\":\"Labdaros ir paramos fondas \u201eRugut\u0117\u201c\"},\"image\":{\"@id\":\"https:\\\/\\\/rugute.lt\\\/#\\\/schema\\\/logo\\\/image\\\/\"},\"sameAs\":[\"https:\\\/\\\/www.facebook.com\\\/rugute\\\/\",\"https:\\\/\\\/x.com\\\/rugute\",\"https:\\\/\\\/www.instagram.com\\\/rugute.lt\\\/\",\"https:\\\/\\\/www.linkedin.com\\\/company\\\/rugute\",\"https:\\\/\\\/www.youtube.com\\\/user\\\/Rugute\\\/videos\",\"https:\\\/\\\/lt.wikipedia.org\\\/wiki\\\/Rugut\u0117\"]},{\"@type\":\"Person\",\"@id\":\"https:\\\/\\\/rugute.lt\\\/#\\\/schema\\\/person\\\/22f718c56fde9098e0ecde9ef0d21c60\",\"name\":\"Labdaros ir paramos fondas \u201eRugut\u0117\u201c\",\"image\":{\"@type\":\"ImageObject\",\"inLanguage\":\"en-GB\",\"@id\":\"https:\\\/\\\/rugute.lt\\\/wp-content\\\/uploads\\\/2021\\\/09\\\/Rugute_logo-c.svge93f40f5525813f02d1916a491d590a1\",\"url\":\"https:\\\/\\\/rugute.lt\\\/wp-content\\\/uploads\\\/2021\\\/09\\\/Rugute_logo-c.svg\",\"contentUrl\":\"https:\\\/\\\/rugute.lt\\\/wp-content\\\/uploads\\\/2021\\\/09\\\/Rugute_logo-c.svg\",\"caption\":\"Labdaros ir paramos fondas \u201eRugut\u0117\u201c\"}}]}<\/script>\n<!-- \/ Yoast SEO plugin. -->","yoast_head_json":{"title":"Mal\u016bn\u0117liai i\u0161keliavo \u012f Airij\u0105 - Labdaros ir paramos fondas \u201eRugut\u0117\u201c","robots":{"index":"index","follow":"follow","max-snippet":"max-snippet:-1","max-image-preview":"max-image-preview:large","max-video-preview":"max-video-preview:-1"},"canonical":"https:\/\/rugute.lt\/en\/maluneliai-iskeliavo-i-airija\/","og_locale":"en_GB","og_type":"article","og_title":"Mal\u016bn\u0117liai i\u0161keliavo \u012f Airij\u0105 - Labdaros ir paramos fondas \u201eRugut\u0117\u201c","og_description":"Ar gali b\u016bti prasmingesn\u0117 diena? \u0160iandien i\u0161 \u201eRugut\u0117s nam\u0173\u201c i\u0161keliauja siuntinys \u012f Airij\u0105. I\u0161keliauja \u012f lietuvi\u0173 namus \u0161irdis tam, kad skleist\u0173 palank\u0173 v\u0117j\u0105 vaikams, einantiems sunkios ligos keliu, o trispalv\u0117s spalvomis da\u017eyti koteliai bylot\u0173 apie meil\u0119 Lietuvai. \u00a0 Iki dangaus d\u0117kojame LR ambasadoriui Airijoje Egidijui Meil\u016bnui (Egidijus Meil\u016bnas) u\u017e daugiau nei de\u0161imtmet\u012f besit\u0119sian\u010di\u0105 draugyst\u0119 ir [&hellip;]","og_url":"https:\/\/rugute.lt\/en\/maluneliai-iskeliavo-i-airija\/","og_site_name":"Labdaros ir paramos fondas \u201eRugut\u0117\u201c","article_publisher":"https:\/\/www.facebook.com\/rugute\/","article_published_time":"2020-02-16T15:37:00+00:00","article_modified_time":"2021-09-16T07:33:40+00:00","og_image":[{"width":2000,"height":1333,"url":"https:\/\/rugute.lt\/wp-content\/uploads\/2021\/08\/200216_Siuntinys-01.jpg","type":"image\/jpeg"}],"author":"Labdaros ir paramos fondas \u201eRugut\u0117\u201c","twitter_card":"summary_large_image","twitter_creator":"@rugute","twitter_site":"@rugute","twitter_misc":{"Written by":"Labdaros ir paramos fondas \u201eRugut\u0117\u201c","Estimated reading time":"1 minute"},"schema":{"@context":"https:\/\/schema.org","@graph":[{"@type":"Article","@id":"https:\/\/rugute.lt\/maluneliai-iskeliavo-i-airija\/#article","isPartOf":{"@id":"https:\/\/rugute.lt\/maluneliai-iskeliavo-i-airija\/"},"author":{"name":"Labdaros ir paramos fondas \u201eRugut\u0117\u201c","@id":"https:\/\/rugute.lt\/#\/schema\/person\/22f718c56fde9098e0ecde9ef0d21c60"},"headline":"Mal\u016bn\u0117liai i\u0161keliavo \u012f Airij\u0105","datePublished":"2020-02-16T15:37:00+00:00","dateModified":"2021-09-16T07:33:40+00:00","mainEntityOfPage":{"@id":"https:\/\/rugute.lt\/maluneliai-iskeliavo-i-airija\/"},"wordCount":117,"publisher":{"@id":"https:\/\/rugute.lt\/#organization"},"image":{"@id":"https:\/\/rugute.lt\/maluneliai-iskeliavo-i-airija\/#primaryimage"},"thumbnailUrl":"https:\/\/rugute.lt\/wp-content\/uploads\/2021\/08\/200216_Siuntinys-01.jpg","articleSection":["Iniciatyvos i\u0161 u\u017esienio","Palankaus v\u0117jo mal\u016bn\u0117liai"],"inLanguage":"en-GB"},{"@type":"WebPage","@id":"https:\/\/rugute.lt\/maluneliai-iskeliavo-i-airija\/","url":"https:\/\/rugute.lt\/maluneliai-iskeliavo-i-airija\/","name":"Mal\u016bn\u0117liai i\u0161keliavo \u012f Airij\u0105 - Labdaros ir paramos fondas \u201eRugut\u0117\u201c","isPartOf":{"@id":"https:\/\/rugute.lt\/#website"},"primaryImageOfPage":{"@id":"https:\/\/rugute.lt\/maluneliai-iskeliavo-i-airija\/#primaryimage"},"image":{"@id":"https:\/\/rugute.lt\/maluneliai-iskeliavo-i-airija\/#primaryimage"},"thumbnailUrl":"https:\/\/rugute.lt\/wp-content\/uploads\/2021\/08\/200216_Siuntinys-01.jpg","datePublished":"2020-02-16T15:37:00+00:00","dateModified":"2021-09-16T07:33:40+00:00","breadcrumb":{"@id":"https:\/\/rugute.lt\/maluneliai-iskeliavo-i-airija\/#breadcrumb"},"inLanguage":"en-GB","potentialAction":[{"@type":"ReadAction","target":["https:\/\/rugute.lt\/maluneliai-iskeliavo-i-airija\/"]}]},{"@type":"ImageObject","inLanguage":"en-GB","@id":"https:\/\/rugute.lt\/maluneliai-iskeliavo-i-airija\/#primaryimage","url":"https:\/\/rugute.lt\/wp-content\/uploads\/2021\/08\/200216_Siuntinys-01.jpg","contentUrl":"https:\/\/rugute.lt\/wp-content\/uploads\/2021\/08\/200216_Siuntinys-01.jpg","width":2000,"height":1333,"caption":"Siuntinys \u012f Airij\u0105"},{"@type":"BreadcrumbList","@id":"https:\/\/rugute.lt\/maluneliai-iskeliavo-i-airija\/#breadcrumb","itemListElement":[{"@type":"ListItem","position":1,"name":"Prad\u017eia","item":"https:\/\/rugute.lt\/"},{"@type":"ListItem","position":2,"name":"Paramos Iniciatyvos","item":"https:\/\/rugute.lt\/paramos-iniciatyvos\/"},{"@type":"ListItem","position":3,"name":"Iniciatyvos i\u0161 u\u017esienio","item":"https:\/\/rugute.lt\/paramos-iniciatyvos\/iniciatyvos-is-uzsienio\/"},{"@type":"ListItem","position":4,"name":"Mal\u016bn\u0117liai i\u0161keliavo \u012f Airij\u0105"}]},{"@type":"WebSite","@id":"https:\/\/rugute.lt\/#website","url":"https:\/\/rugute.lt\/","name":"Childhood Cancer Fund Rugut\u0117","description":"Parama vaikams sergantiems v\u0117\u017eiu","publisher":{"@id":"https:\/\/rugute.lt\/#organization"},"potentialAction":[{"@type":"SearchAction","target":{"@type":"EntryPoint","urlTemplate":"https:\/\/rugute.lt\/?s={search_term_string}"},"query-input":{"@type":"PropertyValueSpecification","valueRequired":true,"valueName":"search_term_string"}}],"inLanguage":"en-GB"},{"@type":"Organization","@id":"https:\/\/rugute.lt\/#organization","name":"Childhood Cancer Fund Rugut\u0117","url":"https:\/\/rugute.lt\/","logo":{"@type":"ImageObject","inLanguage":"en-GB","@id":"https:\/\/rugute.lt\/#\/schema\/logo\/image\/","url":"https:\/\/rugute.lt\/wp-content\/uploads\/2021\/09\/Rugute_logo-b.svg","contentUrl":"https:\/\/rugute.lt\/wp-content\/uploads\/2021\/09\/Rugute_logo-b.svg","width":585,"height":583,"caption":"Labdaros ir paramos fondas \u201eRugut\u0117\u201c"},"image":{"@id":"https:\/\/rugute.lt\/#\/schema\/logo\/image\/"},"sameAs":["https:\/\/www.facebook.com\/rugute\/","https:\/\/x.com\/rugute","https:\/\/www.instagram.com\/rugute.lt\/","https:\/\/www.linkedin.com\/company\/rugute","https:\/\/www.youtube.com\/user\/Rugute\/videos","https:\/\/lt.wikipedia.org\/wiki\/Rugut\u0117"]},{"@type":"Person","@id":"https:\/\/rugute.lt\/#\/schema\/person\/22f718c56fde9098e0ecde9ef0d21c60","name":"Childhood Cancer Fund Rugut\u0117","image":{"@type":"ImageObject","inLanguage":"en-GB","@id":"https:\/\/rugute.lt\/wp-content\/uploads\/2021\/09\/Rugute_logo-c.svge93f40f5525813f02d1916a491d590a1","url":"https:\/\/rugute.lt\/wp-content\/uploads\/2021\/09\/Rugute_logo-c.svg","contentUrl":"https:\/\/rugute.lt\/wp-content\/uploads\/2021\/09\/Rugute_logo-c.svg","caption":"Labdaros ir paramos fondas \u201eRugut\u0117\u201c"}}]}},"authors":[{"term_id":249,"user_id":1,"is_guest":0,"slug":"rugute","display_name":"Labdaros ir paramos fondas \u201eRugut\u0117\u201c","avatar_url":{"url":"https:\/\/rugute.lt\/wp-content\/uploads\/2021\/09\/Rugute_logo-c.svg","url2x":"https:\/\/rugute.lt\/wp-content\/uploads\/2021\/09\/Rugute_logo-c.svg"},"0":null,"1":"","2":"","3":"","4":"","5":"","6":"","7":"","8":""}],"_links":{"self":[{"href":"https:\/\/rugute.lt\/en\/wp-json\/wp\/v2\/posts\/25787","targetHints":{"allow":["GET"]}}],"collection":[{"href":"https:\/\/rugute.lt\/en\/wp-json\/wp\/v2\/posts"}],"about":[{"href":"https:\/\/rugute.lt\/en\/wp-json\/wp\/v2\/types\/post"}],"author":[{"embeddable":true,"href":"https:\/\/rugute.lt\/en\/wp-json\/wp\/v2\/users\/1"}],"replies":[{"embeddable":true,"href":"https:\/\/rugute.lt\/en\/wp-json\/wp\/v2\/comments?post=25787"}],"version-history":[{"count":0,"href":"https:\/\/rugute.lt\/en\/wp-json\/wp\/v2\/posts\/25787\/revisions"}],"wp:featuredmedia":[{"embeddable":true,"href":"https:\/\/rugute.lt\/en\/wp-json\/wp\/v2\/media\/25789"}],"wp:attachment":[{"href":"https:\/\/rugute.lt\/en\/wp-json\/wp\/v2\/media?parent=25787"}],"wp:term":[{"taxonomy":"category","embeddable":true,"href":"https:\/\/rugute.lt\/en\/wp-json\/wp\/v2\/categories?post=25787"},{"taxonomy":"post_tag","embeddable":true,"href":"https:\/\/rugute.lt\/en\/wp-json\/wp\/v2\/tags?post=25787"},{"taxonomy":"author","embeddable":true,"href":"https:\/\/rugute.lt\/en\/wp-json\/wp\/v2\/ppma_author?post=25787"}],"curies":[{"name":"wp","href":"https:\/\/api.w.org\/{rel}","templated":true}]}}