{"id":25471,"date":"2018-07-03T13:43:00","date_gmt":"2018-07-03T10:43:00","guid":{"rendered":"https:\/\/rugute.lt\/?p=25471"},"modified":"2021-12-09T12:40:31","modified_gmt":"2021-12-09T10:40:31","slug":"feliksas-dykumu-sraige-ir-issukiai","status":"publish","type":"post","link":"https:\/\/rugute.lt\/en\/feliksas-dykumu-sraige-ir-issukiai\/","title":{"rendered":"Feliksas, \u201eDykum\u0173 sraig\u0117\u201c ir i\u0161\u0161\u016bkiai"},"content":{"rendered":"<div data-elementor-type=\"wp-post\" data-elementor-id=\"25471\" class=\"elementor elementor-25471\" data-elementor-settings=\"{&quot;element_pack_global_tooltip_width&quot;:{&quot;unit&quot;:&quot;px&quot;,&quot;size&quot;:&quot;&quot;,&quot;sizes&quot;:[]},&quot;element_pack_global_tooltip_width_tablet&quot;:{&quot;unit&quot;:&quot;px&quot;,&quot;size&quot;:&quot;&quot;,&quot;sizes&quot;:[]},&quot;element_pack_global_tooltip_width_mobile&quot;:{&quot;unit&quot;:&quot;px&quot;,&quot;size&quot;:&quot;&quot;,&quot;sizes&quot;:[]},&quot;element_pack_global_tooltip_padding&quot;:{&quot;unit&quot;:&quot;px&quot;,&quot;top&quot;:&quot;&quot;,&quot;right&quot;:&quot;&quot;,&quot;bottom&quot;:&quot;&quot;,&quot;left&quot;:&quot;&quot;,&quot;isLinked&quot;:true},&quot;element_pack_global_tooltip_padding_tablet&quot;:{&quot;unit&quot;:&quot;px&quot;,&quot;top&quot;:&quot;&quot;,&quot;right&quot;:&quot;&quot;,&quot;bottom&quot;:&quot;&quot;,&quot;left&quot;:&quot;&quot;,&quot;isLinked&quot;:true},&quot;element_pack_global_tooltip_padding_mobile&quot;:{&quot;unit&quot;:&quot;px&quot;,&quot;top&quot;:&quot;&quot;,&quot;right&quot;:&quot;&quot;,&quot;bottom&quot;:&quot;&quot;,&quot;left&quot;:&quot;&quot;,&quot;isLinked&quot;:true},&quot;element_pack_global_tooltip_border_radius&quot;:{&quot;unit&quot;:&quot;px&quot;,&quot;top&quot;:&quot;&quot;,&quot;right&quot;:&quot;&quot;,&quot;bottom&quot;:&quot;&quot;,&quot;left&quot;:&quot;&quot;,&quot;isLinked&quot;:true},&quot;element_pack_global_tooltip_border_radius_tablet&quot;:{&quot;unit&quot;:&quot;px&quot;,&quot;top&quot;:&quot;&quot;,&quot;right&quot;:&quot;&quot;,&quot;bottom&quot;:&quot;&quot;,&quot;left&quot;:&quot;&quot;,&quot;isLinked&quot;:true},&quot;element_pack_global_tooltip_border_radius_mobile&quot;:{&quot;unit&quot;:&quot;px&quot;,&quot;top&quot;:&quot;&quot;,&quot;right&quot;:&quot;&quot;,&quot;bottom&quot;:&quot;&quot;,&quot;left&quot;:&quot;&quot;,&quot;isLinked&quot;:true}}\" data-elementor-post-type=\"post\">\n\t\t\t\t\t\t<section class=\"elementor-section elementor-top-section elementor-element elementor-element-1a8ae2a elementor-section-boxed elementor-section-height-default elementor-section-height-default\" data-id=\"1a8ae2a\" data-element_type=\"section\" data-e-type=\"section\" data-settings=\"{&quot;background_background&quot;:&quot;classic&quot;}\">\n\t\t\t\t\t\t<div class=\"elementor-container elementor-column-gap-default\">\n\t\t\t\t\t<div class=\"elementor-column elementor-col-100 elementor-top-column elementor-element elementor-element-a6bde80\" data-id=\"a6bde80\" data-element_type=\"column\" data-e-type=\"column\" data-settings=\"{&quot;background_background&quot;:&quot;classic&quot;}\">\n\t\t\t<div class=\"elementor-widget-wrap elementor-element-populated\">\n\t\t\t\t\t\t<div class=\"elementor-element elementor-element-f17065a elementor-widget elementor-widget-text-editor\" data-id=\"f17065a\" data-element_type=\"widget\" data-e-type=\"widget\" data-widget_type=\"text-editor.default\">\n\t\t\t\t<div class=\"elementor-widget-container\">\n\t\t\t\t\t\t\t\t\t<p style=\"text-align: justify;\"><em>\u012esivaizduokite save \u2013 gyvenate \u012fprast\u0105 gyvenim\u0105, dirbate, keliaujate ir staiga \u012f galv\u0105 \u0161auna mintis mesti sau i\u0161\u0161\u016bk\u012f. Koks jis b\u016bt\u0173? I\u0161mokti taip gerai plaukti, kad gal\u0117tum\u0117te perplaukti e\u017eer\u0105? \u0160okti su para\u0161iutu i\u0161 didelio auk\u0161\u010dio? O gal i\u0161kepti pirm\u0105j\u012f savo gyvenime dviej\u0173 auk\u0161t\u0173 tort\u0105? I\u0161\u0161\u016bkiai gali b\u016bti bet kokie, ta\u010diau Feliksas i\u0161sik\u0117l\u0117 sau tok\u012f i\u0161\u0161\u016bk\u012f, kuris ne tik pakeis jo gyvenim\u0105, bet gali pakeisti ir vaik\u0173, sergan\u010di\u0173 onkologine liga, gyvenimus. Felikso i\u0161\u0161\u016bkis yra sudalyvauti ralyje, va\u017eiuojant motoroleriu nuo Lietuvos iki pat Mongolijos, o viso ralio metu rinkti aukas Labdaros ir paramos fondui \u201eRugut\u0117\u201c. Taigi apie visk\u0105 nuo prad\u017ei\u0173.<\/em><\/p><p style=\"text-align: justify;\"><strong>Papasakok trumpai apie save. <\/strong><\/p><p style=\"text-align: justify;\">Esu Feliksas, man 30 met\u0173. Dirbu automatikos in\u017einerijos srityje. Mano darbas susij\u0119s labiau su automatin\u0117mis sistemomis, ne su transportu. Darbo d\u0117ka tekdavo daug keliauti ir tai man\u0119s neatbaid\u0117, prie\u0161ingai, \u201eu\u017esikr\u0117\u010diau\u201c kelion\u0117mis, d\u0117l to nusprend\u017eiau padaryti ka\u017ek\u0105 kitokio.<\/p><p style=\"text-align: justify;\"><strong>Kaip kilo pati id\u0117ja dalyvauti ralyje? Galb\u016bt metei darb\u0105, pasi\u0117mei atostog\u0173, o gal tavo darbo grafikas laisvas? <\/strong><\/p><p style=\"text-align: justify;\">Man pasisek\u0117, nes mano vadovas yra labai sukalbamas. Vien\u0105 vakar\u0105 tiesiog vakarieniavome su bi\u010diuliu ir jis paklaus\u0117, ar nor\u0117\u010diau kada nors sudalyvauti ralyje. Atsakiau, kad be abejoni\u0173, bet prad\u0117jau vardinti daugyb\u0119 prie\u017eas\u010di\u0173, kod\u0117l manau, kad sunku tai padaryti \u2013 reikia didelio biud\u017eeto, komandos, r\u0117m\u0117j\u0173, technikos, su kuria b\u016bt\u0173 galima va\u017eiuoti\u2026 Ir tada jis mane nutrauk\u0117, pasak\u0119s, kad buvo sutik\u0119s \u017emog\u0173, kuris vyko \u012f Mongolijos ral\u012f. Beje, \u0161is ralis tur\u0117jo ir tebeturi specifinius reikalavimus transportui. Prad\u0117jau dom\u0117tis, kokie tie reikalavimai, pama\u010diau, kad nereikalingas ir itin didelis biud\u017eetas, o tada pagalvojau \u2013 kod\u0117l gi ne? Kol m\u0105s\u010diau apie tai, nemiegojau por\u0105 nakt\u0173.<\/p><p style=\"text-align: justify;\"><strong>Ar \u0161io ralio galutinis ta\u0161kas yra pati Mongolija?<\/strong><\/p><p style=\"text-align: justify;\">A\u0161 keliausiu motoroleriu. Visi ralio dalyviai patys sau susigalvoja mar\u0161rut\u0105, tiesiog yra starto ir fini\u0161o ta\u0161kai. Startas bus prie Prahos (\u010cekijos sostin\u0117), o fini\u0161uosime \u0161iek tiek u\u017e Mongolijos, ten yra rytin\u0117 Baikalo pakrant\u0117, \u012f \u0161iaur\u0119 nuo Mongolijos sostin\u0117s apie 200 kilometr\u0173 atstumu.<\/p><p style=\"text-align: justify;\">Kai man pasak\u0117 apie Mongolijos ral\u012f, maniau, kad startas bus kur nors prie Londono, ta\u010diau j\u012f nuk\u0117l\u0117 prie Prahos. Svars\u010diau, k\u0105 daryti, buvau \u012fsitikin\u0119s, kad nesurasiu nieko, kas gal\u0117t\u0173 su manimi kartu 1,5 m\u0117nesio keliauti ma\u0161ina, kadangi tiek laiko reikia pasiimti atostog\u0173. I\u0161 prad\u017ei\u0173 a\u0161 galvojau va\u017eiuoti ma\u0161ina, nes galima rinktis \u2013 arba ma\u0161ina, arba motoroleriu. Gerai pagalvojau, vargu, ar ras\u010diau \u017emog\u0173, kuris gal\u0117t\u0173 pasiimti atostog\u0173 tokiam laikui, tod\u0117l nusprend\u017eiau keliauti motoroleriu. Beje, niekada iki tol nebuvau juo va\u017eiav\u0119s, tai man yra papildomas i\u0161\u0161\u016bkis \u2013 i\u0161mokti va\u017eiuoti. Prie\u0161 \u0161v. Kal\u0117das pasikalb\u0117jau su direktoriumi, o \u012f klausim\u0105, ar i\u0161leis mane atostog\u0173 ilgesniam laikui, atsak\u0117, kad tokiais tikslais \u2013 dr\u0105siai. Pasitar\u0117me ir a\u0161 t\u0105 pat\u012f vakar\u0105, dar net netur\u0117damas motorolerio, u\u017esiregistravau. Gruod\u017eio 28 dien\u0105 nusipirkau motoroler\u012f, ta\u010diau pirkdamas negal\u0117jau jo net normaliai i\u0161m\u0117ginti, patikrinti.<\/p><p style=\"text-align: justify;\"><strong>Feliksai, i\u0161 kur tiek dr\u0105sos?!<\/strong><\/p><p style=\"text-align: justify;\">Juk a\u0161 dar turiu tam laiko. Startas bus tik liepos 16 dien\u0105, keliausiu apie 1,5 m\u0117nesio, iki rugpj\u016b\u010dio galo esu pasi\u0117m\u0119s atostog\u0173, tad turiu susp\u0117ti gr\u012f\u017eti. Buvo gruod\u017eio 28 diena, pagalvojau, nauji metai, nauja j\u0117ga, tod\u0117l prad\u0117jau mokytis va\u017eiuoti.<\/p><p style=\"text-align: justify;\"><strong>Koks viso \u0161io ralio tikslas?<\/strong><\/p><p style=\"text-align: justify;\">Mane u\u017ekabino pati id\u0117ja \u2013 va\u017eiuoti tok\u012f beproti\u0161k\u0105 atstum\u0105 jau yra did\u017eiulis i\u0161\u0161\u016bkis. B\u016bsiu vienintelis \u017emogus, kuris va\u017eiuos i\u0161 Lietuvos. \u017di\u016br\u0117jau dalyvi\u0173 s\u0105ra\u0161\u0105, bus 400 komand\u0173, o Lietuvos v\u0117liav\u0105 ma\u010diau tik 4 vietose prie trij\u0173 komand\u0173, bet tie \u017emon\u0117s, nors ir lietuviai, vyks i\u0161 kit\u0173 \u0161ali\u0173. Apskritai dalyvaus apie 700 \u017emoni\u0173 i\u0161 viso pasaulio, net i\u0161 Naujosios Zelandijos, Malaizijos, Kanados, Rusijos, Kinijos ir pana\u0161iai.<\/p><p style=\"text-align: justify;\"><strong>O koks yra \u0161io ralio prizas? <\/strong><\/p><p style=\"text-align: justify;\">Prizas yra visos emocijos ir potyriai, kuriuos parsive\u0161ime. Net ne\u017einau, ar yra koks materialus prizas. \u0160iame ralyje niekas nesivar\u017eo, kas atva\u017eiuos pirmas. Galb\u016bt yra toki\u0173, kuriems tai svarbu, bet daugumai svarbiausia patirtis. Specialiai d\u0117liojausi mar\u0161rut\u0105, kad juo b\u016bt\u0173 \u012fdomiau va\u017eiuoti, o ne tiesiog grei\u010diau pasiek\u010diau tiksl\u0105.<\/p><p style=\"text-align: justify;\"><strong>Pro kokias \u0161alis va\u017eiuosi? K\u0105 pavyks aplankyti? <\/strong><\/p><p style=\"text-align: justify;\">Netur\u0117siu keli\u0173 laisv\u0173 dien\u0173, kad gal\u0117\u010diau apsistoti vienoje \u0161alyje. Geriausiu atveju tur\u0117siu gal pusdien\u012f, nes mano greitis n\u0117ra didelis. Va\u017eiuosiu pro \u010cekij\u0105, Slovakij\u0105, Vengrij\u0105, Rumunij\u0105, Bulgarij\u0105, Turkij\u0105, Iran\u0105, Turkm\u0117nistan\u0105, Uzbekistan\u0105, Tad\u017eikistan\u0105, Kirgizij\u0105, Kazachstan\u0105, Rusij\u0105, Mongolij\u0105. Ma\u017edaug pusei \u0161ali\u0173, \u012f kurias va\u017eiuosiu, reikalingos vizos.<\/p><p style=\"text-align: justify;\"><strong>Ar n\u0117ra baisu va\u017eiuoti pro tokias \u0161alis kaip Iranas?<\/strong><\/p><p style=\"text-align: justify;\">Ne, a\u0161 nebijau, nors i\u0161 prad\u017ei\u0173 tur\u0117jau abejoni\u0173, ta\u010diau pabendravau su keliais \u017emon\u0117mis ir jie pasak\u0117, kad tai yra tiesiog mitas d\u0117l nesaugumo tose \u0161alyse. Tai priklauso nuo to, per kuriuos regionus va\u017eiuosi. Man kaip tik sak\u0117, kad Irane \u017emon\u0117s labai draugi\u0161ki ir svetingi, visi giria juos ir j\u0173 kult\u016br\u0105.<\/p><p style=\"text-align: justify;\">I\u0161 kur kilo id\u0117ja ka\u017ekam aukoti \u0161io ralio metu?<\/p><p style=\"text-align: justify;\">Viena i\u0161 ralio id\u0117j\u0173 ir yra surinkti aukas, tai privaloma visiems dalyviams. Be to, b\u016btina surinkti 1000 svar\u0173, o 500 svar\u0173 skirti fondui, su kuriuo bendradarbiauja organizatoriai \u2013 tas fondas r\u016bpinasi tropiniais mi\u0161kais, stengiasi juos apsaugoti, sodinti, pl\u0117sti j\u0173 plotus. Taigi savo kelione aukas rinksiu ne tik \u201eRugutei\u201c, bet ir \u0161iam fondui.<\/p><p style=\"text-align: justify;\"><strong>O kaip vyks auk\u0173 rinkimas? Ar tur\u0117si pakeliui juos surinkti i\u0161 \u017emoni\u0173, ar \u017emon\u0117s gali aukoti internetu ir pan.? <\/strong><\/p><p style=\"text-align: justify;\">Gal labiau ruo\u0161iantis raliui jau turime rinkti aukas, bet terminas, iki kada galima aukoti, yra spalio m\u0117nuo. Tai rei\u0161kia, kad ir pasibaigus raliui dar bus galima aukoti pinigus. Daugiausiai bus galima pervesti pinigus internetu. Tai n\u0117ra tas atvejis, kai auka renkama grynaisiais pinigais. Viena i\u0161 \u0161io ralio s\u0105lyg\u0173 yra rinkti aukas ma\u017eiausiai vienam savo pasirinktam fondui, organizacijai, ta\u010diau \u0161is skai\u010dius n\u0117ra ribojamas.<\/p><p style=\"text-align: justify;\"><strong>Kaip prisiminei \u201eRugut\u0119\u201c?<\/strong><\/p><p style=\"text-align: justify;\">Anks\u010diau man apie j\u012f papasakojo Ger\u016bta Grini\u016bt\u0117, su kuria susipa\u017einau per vien\u0105 muzikin\u012f rengin\u012f. Taip pat esu dalyvav\u0119s kraujo donoryst\u0117s akcijoje \u201ePadovanok la\u0161el\u012f\u201c. Pasidom\u0117jau \u201eRugut\u0117s\u201c veikla, susitikau su fondo direktore Edita, ji dar daugiau visko papasakojo. Tada ir nusprend\u017eiau, kad tikrai noriu pinigus rinkti b\u016btent \u0161iam fondui. Ai\u0161ku, galima ir dar daugiau kit\u0173 fond\u0173 rinkti, ta\u010diau manau, jog \u017emon\u0117ms sunku nuspr\u0119sti, kam aukoti, kai yra daug organizacij\u0173, tod\u0117l geriausia pasirinkti vien\u0105.<\/p><p style=\"text-align: justify;\">Beje, ma\u010diau, kad turi \u201ePalankaus v\u0117jo mal\u016bn\u0117l\u012f\u201c?<\/p><p style=\"text-align: justify;\">Turiu, nes kai pirm\u0105 kart\u0105 susitikau su Edita, pasakiau, jog b\u016bt\u0173 visai \u012fdomu \u012f kelion\u0119 ve\u017etis kok\u012f nors simbol\u012f, ir taip ji man padovanojo \u0161\u012f mal\u016bn\u0117l\u012f. A\u0161 band\u017eiau su juo kartu va\u017ein\u0117ti po Vilni\u0173, ta\u010diau nuva\u017eiavau toliau, iki Kauno, ir mal\u016bn\u0117lis nebeatlaik\u0117. Turb\u016bt jis n\u0117ra pritaikytas tokiam grei\u010diui ir v\u0117jui, jo sparneliai labai greitai \u012fsisuka. Reik\u0117s pasukti galv\u0105, kaip dar kitaip b\u016bt\u0173 galima j\u012f pritvirtinti, ta\u010diau a\u0161 su savimi tur\u0117siu mal\u016bn\u0117l\u012f \u2013 net jei jis ir ne vis\u0105 laik\u0105 matysis, ta\u010diau visada bus \u0161alia. Taip pat sugalvojau dar vien\u0105 id\u0117j\u0105 \u2013 kiekvienam, kuris paaukos bent ka\u017ekoki\u0105 sum\u0105 pinig\u0173, planuoju padovanoti po nuotrauk\u0105. Kadangi m\u0117gstu fotografuoti, o fotoaparat\u0105 tikrai ve\u0161iuosi \u012f kelion\u0119, pamaniau, kad tai bus kaip pad\u0117ka aukojantiems \u017emon\u0117ms ir prisid\u0117jusiems prie \u0161io kilnaus projekto. Beje, manau, kad keliaujant motoroleriu d\u0117l ma\u017eesnio grei\u010dio pavyksta daugiau pamatyti ir tuomet b\u016bna artimesnis ry\u0161ys su aplinka \u2013 tiek kvapai, tiek vaizdai yra ry\u0161kesni, gal pavyks u\u017efiksuoti.<\/p>\t\t\t\t\t\t\t\t<\/div>\n\t\t\t\t<\/div>\n\t\t\t\t<div class=\"elementor-element elementor-element-64b3425 elementor-widget elementor-widget-gallery\" data-id=\"64b3425\" data-element_type=\"widget\" data-e-type=\"widget\" data-settings=\"{&quot;columns&quot;:2,&quot;overlay_title&quot;:&quot;title&quot;,&quot;gallery_layout&quot;:&quot;grid&quot;,&quot;columns_tablet&quot;:2,&quot;columns_mobile&quot;:1,&quot;gap&quot;:{&quot;unit&quot;:&quot;px&quot;,&quot;size&quot;:10,&quot;sizes&quot;:[]},&quot;gap_tablet&quot;:{&quot;unit&quot;:&quot;px&quot;,&quot;size&quot;:10,&quot;sizes&quot;:[]},&quot;gap_mobile&quot;:{&quot;unit&quot;:&quot;px&quot;,&quot;size&quot;:10,&quot;sizes&quot;:[]},&quot;link_to&quot;:&quot;file&quot;,&quot;aspect_ratio&quot;:&quot;3:2&quot;,&quot;overlay_background&quot;:&quot;yes&quot;,&quot;content_hover_animation&quot;:&quot;fade-in&quot;}\" data-widget_type=\"gallery.default\">\n\t\t\t\t<div class=\"elementor-widget-container\">\n\t\t\t\t\t\t\t<div class=\"elementor-gallery__container\">\n\t\t\t\t\t\t\t<a class=\"e-gallery-item elementor-gallery-item elementor-animated-content\" href=\"https:\/\/rugute.lt\/wp-content\/uploads\/2021\/04\/20180512sraige-01.jpg\" data-elementor-open-lightbox=\"yes\" data-elementor-lightbox-slideshow=\"64b3425\" data-elementor-lightbox-description=\"Feliksas\" data-e-action-hash=\"#elementor-action%3Aaction%3Dlightbox%26settings%3DeyJpZCI6MTgwMzUsInVybCI6Imh0dHBzOlwvXC9ydWd1dGUubHRcL3dwLWNvbnRlbnRcL3VwbG9hZHNcLzIwMjFcLzA0XC8yMDE4MDUxMnNyYWlnZS0wMS5qcGciLCJzbGlkZXNob3ciOiI2NGIzNDI1In0%3D\">\n\t\t\t\t\t<div class=\"e-gallery-image elementor-gallery-item__image\" data-thumbnail=\"https:\/\/rugute.lt\/wp-content\/uploads\/2021\/04\/20180512sraige-01-1024x684.jpg\" data-width=\"800\" data-height=\"534\" aria-label=\"Feliksas\" role=\"img\" ><\/div>\n\t\t\t\t\t\t\t\t\t\t\t<div class=\"elementor-gallery-item__overlay\"><\/div>\n\t\t\t\t\t\t\t\t\t\t\t\t\t\t\t<div class=\"elementor-gallery-item__content\">\n\t\t\t\t\t\t\t\t\t\t\t\t\t\t<div class=\"elementor-gallery-item__title\">\n\t\t\t\t\t\t\t\t\t\t\t\t\t\t\t\t\t\tFeliksas\t\t\t\t\t\t\t\t<\/div>\n\t\t\t\t\t\t\t\t\t\t\t\t<\/div>\n\t\t\t\t\t\t\t\t\t<\/a>\n\t\t\t\t\t\t\t<a class=\"e-gallery-item elementor-gallery-item elementor-animated-content\" href=\"https:\/\/rugute.lt\/wp-content\/uploads\/2021\/04\/20180628sraige-03.jpg\" data-elementor-open-lightbox=\"yes\" data-elementor-lightbox-slideshow=\"64b3425\" data-elementor-lightbox-description=\"Feliksas\" data-e-action-hash=\"#elementor-action%3Aaction%3Dlightbox%26settings%3DeyJpZCI6MTgwMzcsInVybCI6Imh0dHBzOlwvXC9ydWd1dGUubHRcL3dwLWNvbnRlbnRcL3VwbG9hZHNcLzIwMjFcLzA0XC8yMDE4MDYyOHNyYWlnZS0wMy5qcGciLCJzbGlkZXNob3ciOiI2NGIzNDI1In0%3D\">\n\t\t\t\t\t<div class=\"e-gallery-image elementor-gallery-item__image\" data-thumbnail=\"https:\/\/rugute.lt\/wp-content\/uploads\/2021\/04\/20180628sraige-03-1024x682.jpg\" data-width=\"800\" data-height=\"533\" aria-label=\"Feliksas\" role=\"img\" ><\/div>\n\t\t\t\t\t\t\t\t\t\t\t<div class=\"elementor-gallery-item__overlay\"><\/div>\n\t\t\t\t\t\t\t\t\t\t\t\t\t\t\t<div class=\"elementor-gallery-item__content\">\n\t\t\t\t\t\t\t\t\t\t\t\t\t\t<div class=\"elementor-gallery-item__title\">\n\t\t\t\t\t\t\t\t\t\t\t\t\t\t\t\t\t\tFeliksas\t\t\t\t\t\t\t\t<\/div>\n\t\t\t\t\t\t\t\t\t\t\t\t<\/div>\n\t\t\t\t\t\t\t\t\t<\/a>\n\t\t\t\t\t<\/div>\n\t\t\t\t\t<\/div>\n\t\t\t\t<\/div>\n\t\t\t\t<div class=\"elementor-element elementor-element-2958e35 elementor-widget elementor-widget-text-editor\" data-id=\"2958e35\" data-element_type=\"widget\" data-e-type=\"widget\" data-widget_type=\"text-editor.default\">\n\t\t\t\t<div class=\"elementor-widget-container\">\n\t\t\t\t\t\t\t\t\t<p style=\"text-align: justify;\"><strong>Ar savo kelion\u0117je stosi nakvoti vie\u0161bu\u010diuose, sve\u010di\u0173 namuose ar pan.? O gal nakvosi palapin\u0117je?<\/strong><\/p><p style=\"text-align: justify;\">Kaip jau pasiseks. Ne visur, kur keliausiu, bus vie\u0161bu\u010di\u0173. Tarkim, kiek \u017ei\u016br\u0117jau, Turkm\u0117nistanas yra savoti\u0161ka \u0161alis, atstumas per dykum\u0105 bus gal 400 kilometr\u0173, planuoju ir nakvoti toje dykumoje. A\u0161 ve\u0161iuosi miegmai\u0161\u012f, palapin\u0119, tik juos reik\u0117s ka\u017ekaip pritvirtinti. Kol mokiausi va\u017eiuoti motoroleriu, va\u017ein\u0117jau pirmyn ir atgal \u012f Kaun\u0105 ir i\u0161 jo, per por\u0105 m\u0117nesi\u0173 prava\u017eiavau apie 2000 kilometr\u0173, o savo kompiuter\u012f d\u0117davausi ant pe\u010di\u0173, tai man neb\u016bdavo sunku, bet svoris jausdavosi.<\/p><p style=\"text-align: justify;\">\u0160iuo metu labai intensyviai vyksta pasiruo\u0161imo kelionei procesas, pavyksta su\u017einoti daug nauj\u0173 dalyk\u0173, imu atkreipti d\u0117mes\u012f \u012f visai kitus dalykus. Kiek \u012fmanoma, vis daugiau va\u017ein\u0117ju, tik tos kelion\u0117s \u201esuvalgo\u201c nema\u017eai mano laiko bei kuro. Kelion\u0117s metu nuo Lietuvos iki fini\u0161o ta\u0161ko nuva\u017eiuosiu apie 14 000 kilometr\u0173: 1000 km iki Prahos ir dar apie 13 000 km iki fini\u0161o.<\/p><p style=\"text-align: justify;\"><strong>O ar turi r\u0117m\u0117jus? Jei ne, tai ar ie\u0161kai\/ie\u0161kosi? <\/strong><\/p><p style=\"text-align: justify;\">Ne, neturiu, ir nemanau, kad ie\u0161kosiu. Tiesa, turiu r\u0117m\u0117jus, bet jie man padeda kitaip \u2013 pavyzd\u017eiui, viena parduotuv\u0117 pad\u0117jo i\u0161sirinkti ir gauti \u0161alm\u0105, pir\u0161tines, padangas, dalis motoroleriui, taip pat duoda patarim\u0173 technikos klausimais, kuri\u0173 pats nesugebu i\u0161spr\u0119sti. Taip pat turiu draug\u0105, kuris remia mane savo \u017einiomis, \u012fg\u016bd\u017eiais, darbu. Tikiu, kad techniniai sprendimai, kuriuos man pad\u0117jo \u012fgyvendinti, pravers kelion\u0117s metu. Tur\u0117jau problem\u0173, renkantis motoroler\u012f, buvau visi\u0161kai j\u012f i\u0161ard\u0119s, o paskui surinkau, tai problema buvo ta, kad \u0161i technika neturi resurs\u0173. Jis gali nuva\u017eiuoti nuo 6000 iki 10 000 km \u012fprastomis s\u0105lygomis, tad ne\u017einau, kiek \u010dia jam bus ne\u012fprastos s\u0105lygos. B\u016btent d\u0117l to u\u017esakin\u0117jau papildomas dalis ir d\u0117l to perrinkin\u0117jau, kad gal\u0117\u010diau ir b\u016bdamas \u201evidury niekur\u201c surinkti varikl\u012f, tam ruo\u0161iausi jau \u017eiem\u0105. Be to, man padeda ir dar viena parduotuv\u0117, kuri, jei negali ka\u017ekuo pad\u0117ti ar pasi\u016blyti, rekomenduoja kitas vietas, kuriose ras\u010diau tai, ko ie\u0161kau.<\/p><p style=\"text-align: justify;\"><strong>Jei neturi r\u0117m\u0117j\u0173, tai i\u0161 ko gyvensi kelion\u0117s metu?<\/strong><\/p><p style=\"text-align: justify;\">I\u0161 savo santaup\u0173. \u0160iuo klausimu dirbu jau pusmet\u012f, taupau. Kai kuriose \u0161alyse bus galima trumpam tapti milijardieriumi, nes keli eurai ten tampa keliais \u0161imtais t\u016bkstan\u010di\u0173 j\u0173 vietine valiuta. Ne\u012fsivaizduoju t\u0173 \u0161ali\u0173 kain\u0173, bet, tarkim, Mongolijoje galima rasti nakvyn\u0119 vie\u0161butyje u\u017e 15-20 eur\u0173 miesto centre. Beje, gavau ger\u0105 patarim\u0105 i\u0161 pernai met\u0173 dalyvio (\u0161is ralis vyksta ne pirmus metus) \u2013 jei noriu sutaupyti ir patirti dar daugiau \u012fsp\u016bd\u017ei\u0173, suprasti vietin\u0119 kult\u016br\u0105, turiu kuo labiau vengti vie\u0161bu\u010di\u0173 ir apsistoti pas \u017emones namuose. \u0160\u012f patarim\u0105 gavau, kai paklausiau jo, k\u0105 daryt\u0173 kitaip, tai i\u0161 karto atsak\u0117, kad ma\u017eiau apsistot\u0173 vie\u0161bu\u010diuose \u2013 jei nori pa\u017einti \u0161al\u012f, turi kuo ma\u017eiau juose apsistoti. Taip pat patar\u0117, kad jei noriu Irane apsistoti pas vietinius gyventojus, reik\u0117t\u0173 j\u0173 tarp kitko paklausti, kur \u010dia vie\u0161butis. Kadangi Irano gyventojai yra labai svetingi bei draugi\u0161ki, jie patys gali priimti kitataut\u012f ar surasti, kas priimt\u0173 j\u012f apsistoti nak\u010diai.<\/p><p style=\"text-align: justify;\">\u017dinau, kad \u0161io ralio organizatorius organizuoja ne tik \u0161\u012f ral\u012f, bet ir kitus renginius, tarkim, kur \u017emon\u0117s ma\u017eais motociklais va\u017eiuoja per Marok\u0105 arba kitokiomis transporto priemon\u0117mis per Indij\u0105, \u0160ri Lank\u0105. Jis daug k\u0105 organizuoja, neapsiribodamas vien Mongolijos raliu, be to, \u0161\u012f ral\u012f netgi rengia ne vienas organizatorius, tik jie i\u0161kelia skirtingus reikalavimus transporto priemon\u0117ms.<\/p><p style=\"text-align: justify;\"><strong>Tai gal ir tu planuoji jau kitais metais keliauti \u0161iomis priemon\u0117mis \u012f kitus kra\u0161tus?<\/strong><\/p><p style=\"text-align: justify;\">Kol kas turiu kit\u0173 plan\u0173, gal gr\u012f\u0161iu prie civilizacijos, bet dar ne\u017einau, nes \u012fdomu, kaip pasikeis mano pasaul\u0117\u017ei\u016bra po \u0161ios kelion\u0117s. Manau, kad labai daug kas gali pasikeisti.<\/p><p style=\"text-align: justify;\"><strong>Feliksai, tavo puslapis Desert Snail facebook yra angl\u0173 kalba. Kod\u0117l? Ar neplanuoji ten apra\u0161yti savo kelion\u0117s ir lietuvi\u0161kai? <\/strong><\/p><p style=\"text-align: justify;\">Na, a\u0161 jau turiu kelet\u0105 \u017emoni\u0173 ne i\u0161 Lietuvos, kurie seka mano puslap\u012f \u2013 jie yra i\u0161 Anglijos, \u0160vedijos ir kit\u0173 \u0161ali\u0173. Patys pirmieji prane\u0161imai buvo tiek lietuvi\u0173, tiek angl\u0173 kalbomis. Be to, jei yra ka\u017ekokia informacija, kuri lie\u010dia tik Lietuv\u0105, tai ra\u0161au lietuvi\u0161kai, nes, vadinasi, man reikia pagalbos vietoje. Tarkim, ruo\u0161damasis kelionei mokiausi pirmosios pagalbos suteikimo, kadangi vyksiu vienas, be palydos, man gali bet kas nutikti, tod\u0117l turiu mok\u0117ti savimi pasir\u016bpinti. Ai\u0161ku, nemanau, kad ka\u017ekas nutiks, nes teks da\u017enai stoti \u012f degalines. Mano motoroleriui u\u017etenka ma\u017edaug 150 km nuva\u017eiuoti su vienu pilnu baku, o a\u0161 su savimi ve\u0161iuosi ne vien\u0105 bakel\u012f. Kitas i\u0161\u0161\u016bkis bus susikrauti tik b\u016btinus daiktus ir neimti to, ko nereikia. Bus vasara, tose \u0161alyse kar\u0161ta, saul\u0117ta, teks pasisaugoti. Taip pat bus ir kalnuot\u0173 vietovi\u0173, kuriose ma\u017eiau deguonies, \u017eemesn\u0117 temperat\u016bra, tai irgi yra i\u0161\u0161\u016bkis. Pirmosios pagalbos kurs\u0173 metu ir i\u0161mokau tam tikr\u0173 dalyk\u0173. Man pad\u0117jo viena pa\u017e\u012fstama medik\u0117, kuriai esu d\u0117kingas, nes pamok\u0117, taip pat dav\u0117 s\u0105ra\u0161\u0105, koki\u0173 vaist\u0173 man gali prireikti, nuo koki\u0173 negalavim\u0173 ir pana\u0161iai. Beje, d\u0117l skiep\u0173, tai ne\u017einau, koki\u0173 lig\u0173 tokiose \u0161alyse galima tik\u0117tis, bet U\u017esienio reikal\u0173 ministerijos puslapyje yra s\u0105ra\u0161as rekomenduojam\u0173 skiep\u0173, jei gerai atsimenu, tai buvo skiepai nuo hepatito A, hepatito B, erkinio encefalito, difterijos, viduri\u0173 \u0161iltin\u0117s ir stablig\u0117s. Mano patarimas tiems, kurie ruo\u0161iasi vykti \u012f tolimesn\u0119 kelion\u0119 ir planuoja darytis skiepus, tai jie tur\u0117t\u0173 padaryti i\u0161 anksto, nes reikia laiko skiepams suveikti, rekomenduojama juos daryti bent 3-4 m\u0117nesius prie\u0161 kelion\u0119.<\/p><p style=\"text-align: justify;\"><strong>Ar dalyvauji dar kokiose nors \u201eRugut\u0117s\u201c akcijose, gal kitaip prisidedi prie fondo veiklos?<\/strong><\/p><p style=\"text-align: justify;\">Anks\u010diau \u017eymiai daugiau keliaudavau, tai gal\u0117davau tik i\u0161 \u0161alies steb\u0117ti visk\u0105, nes b\u016bdavau i\u0161vyk\u0119s po 2 ar 3 m\u0117nesius \u012f komandiruotes. Dabar i\u0161vykstu re\u010diau, ta\u010diau neseniai v\u0117l dalyvavau kraujo donoryst\u0117s akcijoje \u201ePadovanok la\u0161el\u012f\u201c.<\/p>\t\t\t\t\t\t\t\t<\/div>\n\t\t\t\t<\/div>\n\t\t\t\t<div class=\"elementor-element elementor-element-e8a4b9f elementor-widget elementor-widget-image\" data-id=\"e8a4b9f\" data-element_type=\"widget\" data-e-type=\"widget\" data-widget_type=\"image.default\">\n\t\t\t\t<div class=\"elementor-widget-container\">\n\t\t\t\t\t\t\t\t\t\t\t\t\t\t\t\t<a href=\"https:\/\/rugute.lt\/wp-content\/uploads\/2021\/04\/20180701sraige-04.jpg\" data-elementor-open-lightbox=\"yes\" data-elementor-lightbox-description=\"Feliksas\" data-e-action-hash=\"#elementor-action%3Aaction%3Dlightbox%26settings%3DeyJpZCI6MTgwMzgsInVybCI6Imh0dHBzOlwvXC9ydWd1dGUubHRcL3dwLWNvbnRlbnRcL3VwbG9hZHNcLzIwMjFcLzA0XC8yMDE4MDcwMXNyYWlnZS0wNC5qcGcifQ%3D%3D\">\n\t\t\t\t\t\t\t<img decoding=\"async\" src=\"https:\/\/rugute.lt\/wp-content\/uploads\/elementor\/thumbs\/20180701sraige-04-pg7tkhsw8a34jt32v86h6w9q58eiuo3w0bj0d6xn9k.jpg\" title=\"Feliksas\" alt=\"Feliksas\" loading=\"lazy\" \/>\t\t\t\t\t\t\t\t<\/a>\n\t\t\t\t\t\t\t\t\t\t\t\t\t\t\t<\/div>\n\t\t\t\t<\/div>\n\t\t\t\t<div class=\"elementor-element elementor-element-656ea2c elementor-widget elementor-widget-text-editor\" data-id=\"656ea2c\" data-element_type=\"widget\" data-e-type=\"widget\" data-widget_type=\"text-editor.default\">\n\t\t\t\t<div class=\"elementor-widget-container\">\n\t\t\t\t\t\t\t\t\t<p style=\"text-align: justify;\"><strong>Papasakok apie savo kelion\u0119 i\u0161 Vilniaus link paj\u016brio. <\/strong><\/p><p style=\"text-align: justify;\">Prie\u0161 i\u0161vykdamas tur\u0117jau mintyse pasi\u017eym\u0117j\u0119s vien\u0105 i\u0161 punkt\u0173, k\u0105 b\u016btina padaryti \u2013 patikrinti, kok\u012f atstum\u0105 galima \u012fveikti per dien\u0105. Kad neb\u016bt\u0173 tiesiog va\u017eiavimas, pasiteiravau, ar gyvena kas nors i\u0161 \u201eRugut\u0117s\u201c globojam\u0173 vaik\u0173 paj\u016bryje. Taip gavau Domanto kontaktus. Kai jam skambinau, jis pagalvojo, kad \u010dia jo \u0161achmat\u0173 treneris skambina, tod\u0117l i\u0161kart kilo mintis pasi\u016blyti su\u017eaisti partij\u0105. Ir \u0161tai, vien\u0105 gra\u017e\u0173 sekmadien\u012f pavyko \u012fgyvendinti \u0161\u012f ma\u017e\u0105, bet labai svarb\u0173 kompleksin\u012f tiksl\u0105 \u2013 susipa\u017einau su Domantu, gerai praleidom laik\u0105 ir tuo pa\u010diu \u012fveikiau 725 kilometrus per ma\u017eiau nei par\u0105. Dar primink, kada tiksliai i\u0161vyksi \u012f kelion\u0119 ir kada gr\u012f\u0161i? I\u0161vyksiu liepos 11 dien\u0105, o gr\u012f\u0161iu gal tik rugs\u0117j\u012f, ta\u010diau turiu pasi\u0117m\u0119s atostog\u0173 tik iki rugpj\u016b\u010dio 26 dienos, privalau ka\u017ekaip susp\u0117ti. Skai\u010diavau, kad galiu 1 kilometr\u0105 nuva\u017eiuoti per 1 minut\u0119, jei man pasiseka ir yra atviras kelias.<\/p><p style=\"text-align: justify;\"><strong>A\u010di\u016b u\u017e pokalb\u012f, Feliksai, linkime s\u0117km\u0117s Mongolijos ralyje ir lauksime nauj\u0173 \u012fsp\u016bd\u017ei\u0173!<\/strong><\/p><p style=\"text-align: justify;\">Kvie\u010diame aukoti portalo \u201eGlobalGiving\u201c l\u0117\u0161\u0173 rinkimo projekte <a href=\"https:\/\/www.globalgiving.org\/fundraisers\/26894\/\" target=\"_blank\" rel=\"noopener\">DESERT SNAIL \u2013 CHASING BRIGHTER FUTURE<\/a> ir steb\u0117ti Felikso nuotykius Facebook puslapyje <a href=\"https:\/\/www.facebook.com\/BlackDesertSnail\/\" target=\"_blank\" rel=\"noopener\">\u201eDesert Snail\u201c<\/a> .<\/p>\t\t\t\t\t\t\t\t<\/div>\n\t\t\t\t<\/div>\n\t\t\t\t\t<\/div>\n\t\t<\/div>\n\t\t\t\t\t<\/div>\n\t\t<\/section>\n\t\t\t\t<\/div>","protected":false},"excerpt":{"rendered":"<p>\u012esivaizduokite save \u2013 gyvenate \u012fprast\u0105 gyvenim\u0105, dirbate, keliaujate ir staiga \u012f galv\u0105 \u0161auna mintis mesti sau i\u0161\u0161\u016bk\u012f. Koks jis b\u016bt\u0173? I\u0161mokti taip gerai plaukti, kad gal\u0117tum\u0117te perplaukti e\u017eer\u0105? \u0160okti su para\u0161iutu i\u0161 didelio auk\u0161\u010dio? O gal i\u0161kepti pirm\u0105j\u012f savo gyvenime dviej\u0173 auk\u0161t\u0173 tort\u0105? I\u0161\u0161\u016bkiai gali b\u016bti bet kokie, ta\u010diau Feliksas i\u0161sik\u0117l\u0117 sau tok\u012f i\u0161\u0161\u016bk\u012f, kuris [&hellip;]<\/p>\n","protected":false},"author":1,"featured_media":18036,"comment_status":"closed","ping_status":"open","sticky":false,"template":"","format":"standard","meta":{"footnotes":""},"categories":[397],"tags":[],"ppma_author":[249],"class_list":["post-25471","post","type-post","status-publish","format-standard","has-post-thumbnail","hentry","category-spaudoje"],"yoast_head":"<!-- This site is optimized with the Yoast SEO plugin v27.3 - https:\/\/yoast.com\/product\/yoast-seo-wordpress\/ -->\n<title>Feliksas, \u201eDykum\u0173 sraig\u0117\u201c ir i\u0161\u0161\u016bkiai - Labdaros ir paramos fondas \u201eRugut\u0117\u201c<\/title>\n<meta name=\"robots\" content=\"index, follow, max-snippet:-1, max-image-preview:large, max-video-preview:-1\" \/>\n<link rel=\"canonical\" href=\"https:\/\/rugute.lt\/en\/feliksas-dykumu-sraige-ir-issukiai\/\" \/>\n<meta property=\"og:locale\" content=\"en_GB\" \/>\n<meta property=\"og:type\" content=\"article\" \/>\n<meta property=\"og:title\" content=\"Feliksas, \u201eDykum\u0173 sraig\u0117\u201c ir i\u0161\u0161\u016bkiai - Labdaros ir paramos fondas \u201eRugut\u0117\u201c\" \/>\n<meta property=\"og:description\" content=\"\u012esivaizduokite save \u2013 gyvenate \u012fprast\u0105 gyvenim\u0105, dirbate, keliaujate ir staiga \u012f galv\u0105 \u0161auna mintis mesti sau i\u0161\u0161\u016bk\u012f. Koks jis b\u016bt\u0173? I\u0161mokti taip gerai plaukti, kad gal\u0117tum\u0117te perplaukti e\u017eer\u0105? \u0160okti su para\u0161iutu i\u0161 didelio auk\u0161\u010dio? O gal i\u0161kepti pirm\u0105j\u012f savo gyvenime dviej\u0173 auk\u0161t\u0173 tort\u0105? I\u0161\u0161\u016bkiai gali b\u016bti bet kokie, ta\u010diau Feliksas i\u0161sik\u0117l\u0117 sau tok\u012f i\u0161\u0161\u016bk\u012f, kuris [&hellip;]\" \/>\n<meta property=\"og:url\" content=\"https:\/\/rugute.lt\/en\/feliksas-dykumu-sraige-ir-issukiai\/\" \/>\n<meta property=\"og:site_name\" content=\"Labdaros ir paramos fondas \u201eRugut\u0117\u201c\" \/>\n<meta property=\"article:publisher\" content=\"https:\/\/www.facebook.com\/rugute\/\" \/>\n<meta property=\"article:published_time\" content=\"2018-07-03T10:43:00+00:00\" \/>\n<meta property=\"article:modified_time\" content=\"2021-12-09T10:40:31+00:00\" \/>\n<meta property=\"og:image\" content=\"https:\/\/rugute.lt\/wp-content\/uploads\/2021\/04\/20180523sraige-02.jpg\" \/>\n\t<meta property=\"og:image:width\" content=\"2000\" \/>\n\t<meta property=\"og:image:height\" content=\"1333\" \/>\n\t<meta property=\"og:image:type\" content=\"image\/jpeg\" \/>\n<meta name=\"author\" content=\"Labdaros ir paramos fondas \u201eRugut\u0117\u201c\" \/>\n<meta name=\"twitter:card\" content=\"summary_large_image\" \/>\n<meta name=\"twitter:creator\" content=\"@rugute\" \/>\n<meta name=\"twitter:site\" content=\"@rugute\" \/>\n<meta name=\"twitter:label1\" content=\"Written by\" \/>\n\t<meta name=\"twitter:data1\" content=\"Labdaros ir paramos fondas \u201eRugut\u0117\u201c\" \/>\n\t<meta name=\"twitter:label2\" content=\"Estimated reading time\" \/>\n\t<meta name=\"twitter:data2\" content=\"10 minutes\" \/>\n<script type=\"application\/ld+json\" class=\"yoast-schema-graph\">{\"@context\":\"https:\\\/\\\/schema.org\",\"@graph\":[{\"@type\":\"Article\",\"@id\":\"https:\\\/\\\/rugute.lt\\\/feliksas-dykumu-sraige-ir-issukiai\\\/#article\",\"isPartOf\":{\"@id\":\"https:\\\/\\\/rugute.lt\\\/feliksas-dykumu-sraige-ir-issukiai\\\/\"},\"author\":{\"name\":\"Labdaros ir paramos fondas \u201eRugut\u0117\u201c\",\"@id\":\"https:\\\/\\\/rugute.lt\\\/#\\\/schema\\\/person\\\/22f718c56fde9098e0ecde9ef0d21c60\"},\"headline\":\"Feliksas, \u201eDykum\u0173 sraig\u0117\u201c ir i\u0161\u0161\u016bkiai\",\"datePublished\":\"2018-07-03T10:43:00+00:00\",\"dateModified\":\"2021-12-09T10:40:31+00:00\",\"mainEntityOfPage\":{\"@id\":\"https:\\\/\\\/rugute.lt\\\/feliksas-dykumu-sraige-ir-issukiai\\\/\"},\"wordCount\":2484,\"publisher\":{\"@id\":\"https:\\\/\\\/rugute.lt\\\/#organization\"},\"image\":{\"@id\":\"https:\\\/\\\/rugute.lt\\\/feliksas-dykumu-sraige-ir-issukiai\\\/#primaryimage\"},\"thumbnailUrl\":\"https:\\\/\\\/rugute.lt\\\/wp-content\\\/uploads\\\/2021\\\/04\\\/20180523sraige-02.jpg\",\"articleSection\":[\"Spaudoje\"],\"inLanguage\":\"en-GB\"},{\"@type\":\"WebPage\",\"@id\":\"https:\\\/\\\/rugute.lt\\\/feliksas-dykumu-sraige-ir-issukiai\\\/\",\"url\":\"https:\\\/\\\/rugute.lt\\\/feliksas-dykumu-sraige-ir-issukiai\\\/\",\"name\":\"Feliksas, \u201eDykum\u0173 sraig\u0117\u201c ir i\u0161\u0161\u016bkiai - Labdaros ir paramos fondas \u201eRugut\u0117\u201c\",\"isPartOf\":{\"@id\":\"https:\\\/\\\/rugute.lt\\\/#website\"},\"primaryImageOfPage\":{\"@id\":\"https:\\\/\\\/rugute.lt\\\/feliksas-dykumu-sraige-ir-issukiai\\\/#primaryimage\"},\"image\":{\"@id\":\"https:\\\/\\\/rugute.lt\\\/feliksas-dykumu-sraige-ir-issukiai\\\/#primaryimage\"},\"thumbnailUrl\":\"https:\\\/\\\/rugute.lt\\\/wp-content\\\/uploads\\\/2021\\\/04\\\/20180523sraige-02.jpg\",\"datePublished\":\"2018-07-03T10:43:00+00:00\",\"dateModified\":\"2021-12-09T10:40:31+00:00\",\"breadcrumb\":{\"@id\":\"https:\\\/\\\/rugute.lt\\\/feliksas-dykumu-sraige-ir-issukiai\\\/#breadcrumb\"},\"inLanguage\":\"en-GB\",\"potentialAction\":[{\"@type\":\"ReadAction\",\"target\":[\"https:\\\/\\\/rugute.lt\\\/feliksas-dykumu-sraige-ir-issukiai\\\/\"]}]},{\"@type\":\"ImageObject\",\"inLanguage\":\"en-GB\",\"@id\":\"https:\\\/\\\/rugute.lt\\\/feliksas-dykumu-sraige-ir-issukiai\\\/#primaryimage\",\"url\":\"https:\\\/\\\/rugute.lt\\\/wp-content\\\/uploads\\\/2021\\\/04\\\/20180523sraige-02.jpg\",\"contentUrl\":\"https:\\\/\\\/rugute.lt\\\/wp-content\\\/uploads\\\/2021\\\/04\\\/20180523sraige-02.jpg\",\"width\":2000,\"height\":1333,\"caption\":\"Feliksas\"},{\"@type\":\"BreadcrumbList\",\"@id\":\"https:\\\/\\\/rugute.lt\\\/feliksas-dykumu-sraige-ir-issukiai\\\/#breadcrumb\",\"itemListElement\":[{\"@type\":\"ListItem\",\"position\":1,\"name\":\"Prad\u017eia\",\"item\":\"https:\\\/\\\/rugute.lt\\\/\"},{\"@type\":\"ListItem\",\"position\":2,\"name\":\"Spaudoje\",\"item\":\"https:\\\/\\\/rugute.lt\\\/spaudoje\\\/\"},{\"@type\":\"ListItem\",\"position\":3,\"name\":\"Feliksas, \u201eDykum\u0173 sraig\u0117\u201c ir i\u0161\u0161\u016bkiai\"}]},{\"@type\":\"WebSite\",\"@id\":\"https:\\\/\\\/rugute.lt\\\/#website\",\"url\":\"https:\\\/\\\/rugute.lt\\\/\",\"name\":\"Labdaros ir paramos fondas \u201eRugut\u0117\u201c\",\"description\":\"Parama vaikams sergantiems v\u0117\u017eiu\",\"publisher\":{\"@id\":\"https:\\\/\\\/rugute.lt\\\/#organization\"},\"potentialAction\":[{\"@type\":\"SearchAction\",\"target\":{\"@type\":\"EntryPoint\",\"urlTemplate\":\"https:\\\/\\\/rugute.lt\\\/?s={search_term_string}\"},\"query-input\":{\"@type\":\"PropertyValueSpecification\",\"valueRequired\":true,\"valueName\":\"search_term_string\"}}],\"inLanguage\":\"en-GB\"},{\"@type\":\"Organization\",\"@id\":\"https:\\\/\\\/rugute.lt\\\/#organization\",\"name\":\"Labdaros ir paramos fondas \u201eRugut\u0117\u201c\",\"url\":\"https:\\\/\\\/rugute.lt\\\/\",\"logo\":{\"@type\":\"ImageObject\",\"inLanguage\":\"en-GB\",\"@id\":\"https:\\\/\\\/rugute.lt\\\/#\\\/schema\\\/logo\\\/image\\\/\",\"url\":\"https:\\\/\\\/rugute.lt\\\/wp-content\\\/uploads\\\/2021\\\/09\\\/Rugute_logo-b.svg\",\"contentUrl\":\"https:\\\/\\\/rugute.lt\\\/wp-content\\\/uploads\\\/2021\\\/09\\\/Rugute_logo-b.svg\",\"width\":585,\"height\":583,\"caption\":\"Labdaros ir paramos fondas \u201eRugut\u0117\u201c\"},\"image\":{\"@id\":\"https:\\\/\\\/rugute.lt\\\/#\\\/schema\\\/logo\\\/image\\\/\"},\"sameAs\":[\"https:\\\/\\\/www.facebook.com\\\/rugute\\\/\",\"https:\\\/\\\/x.com\\\/rugute\",\"https:\\\/\\\/www.instagram.com\\\/rugute.lt\\\/\",\"https:\\\/\\\/www.linkedin.com\\\/company\\\/rugute\",\"https:\\\/\\\/www.youtube.com\\\/user\\\/Rugute\\\/videos\",\"https:\\\/\\\/lt.wikipedia.org\\\/wiki\\\/Rugut\u0117\"]},{\"@type\":\"Person\",\"@id\":\"https:\\\/\\\/rugute.lt\\\/#\\\/schema\\\/person\\\/22f718c56fde9098e0ecde9ef0d21c60\",\"name\":\"Labdaros ir paramos fondas \u201eRugut\u0117\u201c\",\"image\":{\"@type\":\"ImageObject\",\"inLanguage\":\"en-GB\",\"@id\":\"https:\\\/\\\/rugute.lt\\\/wp-content\\\/uploads\\\/2021\\\/09\\\/Rugute_logo-c.svge93f40f5525813f02d1916a491d590a1\",\"url\":\"https:\\\/\\\/rugute.lt\\\/wp-content\\\/uploads\\\/2021\\\/09\\\/Rugute_logo-c.svg\",\"contentUrl\":\"https:\\\/\\\/rugute.lt\\\/wp-content\\\/uploads\\\/2021\\\/09\\\/Rugute_logo-c.svg\",\"caption\":\"Labdaros ir paramos fondas \u201eRugut\u0117\u201c\"}}]}<\/script>\n<!-- \/ Yoast SEO plugin. -->","yoast_head_json":{"title":"Feliksas, \u201eDykum\u0173 sraig\u0117\u201c ir i\u0161\u0161\u016bkiai - Labdaros ir paramos fondas \u201eRugut\u0117\u201c","robots":{"index":"index","follow":"follow","max-snippet":"max-snippet:-1","max-image-preview":"max-image-preview:large","max-video-preview":"max-video-preview:-1"},"canonical":"https:\/\/rugute.lt\/en\/feliksas-dykumu-sraige-ir-issukiai\/","og_locale":"en_GB","og_type":"article","og_title":"Feliksas, \u201eDykum\u0173 sraig\u0117\u201c ir i\u0161\u0161\u016bkiai - Labdaros ir paramos fondas \u201eRugut\u0117\u201c","og_description":"\u012esivaizduokite save \u2013 gyvenate \u012fprast\u0105 gyvenim\u0105, dirbate, keliaujate ir staiga \u012f galv\u0105 \u0161auna mintis mesti sau i\u0161\u0161\u016bk\u012f. Koks jis b\u016bt\u0173? I\u0161mokti taip gerai plaukti, kad gal\u0117tum\u0117te perplaukti e\u017eer\u0105? \u0160okti su para\u0161iutu i\u0161 didelio auk\u0161\u010dio? O gal i\u0161kepti pirm\u0105j\u012f savo gyvenime dviej\u0173 auk\u0161t\u0173 tort\u0105? I\u0161\u0161\u016bkiai gali b\u016bti bet kokie, ta\u010diau Feliksas i\u0161sik\u0117l\u0117 sau tok\u012f i\u0161\u0161\u016bk\u012f, kuris [&hellip;]","og_url":"https:\/\/rugute.lt\/en\/feliksas-dykumu-sraige-ir-issukiai\/","og_site_name":"Labdaros ir paramos fondas \u201eRugut\u0117\u201c","article_publisher":"https:\/\/www.facebook.com\/rugute\/","article_published_time":"2018-07-03T10:43:00+00:00","article_modified_time":"2021-12-09T10:40:31+00:00","og_image":[{"width":2000,"height":1333,"url":"https:\/\/rugute.lt\/wp-content\/uploads\/2021\/04\/20180523sraige-02.jpg","type":"image\/jpeg"}],"author":"Labdaros ir paramos fondas \u201eRugut\u0117\u201c","twitter_card":"summary_large_image","twitter_creator":"@rugute","twitter_site":"@rugute","twitter_misc":{"Written by":"Labdaros ir paramos fondas \u201eRugut\u0117\u201c","Estimated reading time":"10 minutes"},"schema":{"@context":"https:\/\/schema.org","@graph":[{"@type":"Article","@id":"https:\/\/rugute.lt\/feliksas-dykumu-sraige-ir-issukiai\/#article","isPartOf":{"@id":"https:\/\/rugute.lt\/feliksas-dykumu-sraige-ir-issukiai\/"},"author":{"name":"Labdaros ir paramos fondas \u201eRugut\u0117\u201c","@id":"https:\/\/rugute.lt\/#\/schema\/person\/22f718c56fde9098e0ecde9ef0d21c60"},"headline":"Feliksas, \u201eDykum\u0173 sraig\u0117\u201c ir i\u0161\u0161\u016bkiai","datePublished":"2018-07-03T10:43:00+00:00","dateModified":"2021-12-09T10:40:31+00:00","mainEntityOfPage":{"@id":"https:\/\/rugute.lt\/feliksas-dykumu-sraige-ir-issukiai\/"},"wordCount":2484,"publisher":{"@id":"https:\/\/rugute.lt\/#organization"},"image":{"@id":"https:\/\/rugute.lt\/feliksas-dykumu-sraige-ir-issukiai\/#primaryimage"},"thumbnailUrl":"https:\/\/rugute.lt\/wp-content\/uploads\/2021\/04\/20180523sraige-02.jpg","articleSection":["Spaudoje"],"inLanguage":"en-GB"},{"@type":"WebPage","@id":"https:\/\/rugute.lt\/feliksas-dykumu-sraige-ir-issukiai\/","url":"https:\/\/rugute.lt\/feliksas-dykumu-sraige-ir-issukiai\/","name":"Feliksas, \u201eDykum\u0173 sraig\u0117\u201c ir i\u0161\u0161\u016bkiai - Labdaros ir paramos fondas \u201eRugut\u0117\u201c","isPartOf":{"@id":"https:\/\/rugute.lt\/#website"},"primaryImageOfPage":{"@id":"https:\/\/rugute.lt\/feliksas-dykumu-sraige-ir-issukiai\/#primaryimage"},"image":{"@id":"https:\/\/rugute.lt\/feliksas-dykumu-sraige-ir-issukiai\/#primaryimage"},"thumbnailUrl":"https:\/\/rugute.lt\/wp-content\/uploads\/2021\/04\/20180523sraige-02.jpg","datePublished":"2018-07-03T10:43:00+00:00","dateModified":"2021-12-09T10:40:31+00:00","breadcrumb":{"@id":"https:\/\/rugute.lt\/feliksas-dykumu-sraige-ir-issukiai\/#breadcrumb"},"inLanguage":"en-GB","potentialAction":[{"@type":"ReadAction","target":["https:\/\/rugute.lt\/feliksas-dykumu-sraige-ir-issukiai\/"]}]},{"@type":"ImageObject","inLanguage":"en-GB","@id":"https:\/\/rugute.lt\/feliksas-dykumu-sraige-ir-issukiai\/#primaryimage","url":"https:\/\/rugute.lt\/wp-content\/uploads\/2021\/04\/20180523sraige-02.jpg","contentUrl":"https:\/\/rugute.lt\/wp-content\/uploads\/2021\/04\/20180523sraige-02.jpg","width":2000,"height":1333,"caption":"Feliksas"},{"@type":"BreadcrumbList","@id":"https:\/\/rugute.lt\/feliksas-dykumu-sraige-ir-issukiai\/#breadcrumb","itemListElement":[{"@type":"ListItem","position":1,"name":"Prad\u017eia","item":"https:\/\/rugute.lt\/"},{"@type":"ListItem","position":2,"name":"Spaudoje","item":"https:\/\/rugute.lt\/spaudoje\/"},{"@type":"ListItem","position":3,"name":"Feliksas, \u201eDykum\u0173 sraig\u0117\u201c ir i\u0161\u0161\u016bkiai"}]},{"@type":"WebSite","@id":"https:\/\/rugute.lt\/#website","url":"https:\/\/rugute.lt\/","name":"Childhood Cancer Fund Rugut\u0117","description":"Parama vaikams sergantiems v\u0117\u017eiu","publisher":{"@id":"https:\/\/rugute.lt\/#organization"},"potentialAction":[{"@type":"SearchAction","target":{"@type":"EntryPoint","urlTemplate":"https:\/\/rugute.lt\/?s={search_term_string}"},"query-input":{"@type":"PropertyValueSpecification","valueRequired":true,"valueName":"search_term_string"}}],"inLanguage":"en-GB"},{"@type":"Organization","@id":"https:\/\/rugute.lt\/#organization","name":"Childhood Cancer Fund Rugut\u0117","url":"https:\/\/rugute.lt\/","logo":{"@type":"ImageObject","inLanguage":"en-GB","@id":"https:\/\/rugute.lt\/#\/schema\/logo\/image\/","url":"https:\/\/rugute.lt\/wp-content\/uploads\/2021\/09\/Rugute_logo-b.svg","contentUrl":"https:\/\/rugute.lt\/wp-content\/uploads\/2021\/09\/Rugute_logo-b.svg","width":585,"height":583,"caption":"Labdaros ir paramos fondas \u201eRugut\u0117\u201c"},"image":{"@id":"https:\/\/rugute.lt\/#\/schema\/logo\/image\/"},"sameAs":["https:\/\/www.facebook.com\/rugute\/","https:\/\/x.com\/rugute","https:\/\/www.instagram.com\/rugute.lt\/","https:\/\/www.linkedin.com\/company\/rugute","https:\/\/www.youtube.com\/user\/Rugute\/videos","https:\/\/lt.wikipedia.org\/wiki\/Rugut\u0117"]},{"@type":"Person","@id":"https:\/\/rugute.lt\/#\/schema\/person\/22f718c56fde9098e0ecde9ef0d21c60","name":"Childhood Cancer Fund Rugut\u0117","image":{"@type":"ImageObject","inLanguage":"en-GB","@id":"https:\/\/rugute.lt\/wp-content\/uploads\/2021\/09\/Rugute_logo-c.svge93f40f5525813f02d1916a491d590a1","url":"https:\/\/rugute.lt\/wp-content\/uploads\/2021\/09\/Rugute_logo-c.svg","contentUrl":"https:\/\/rugute.lt\/wp-content\/uploads\/2021\/09\/Rugute_logo-c.svg","caption":"Labdaros ir paramos fondas \u201eRugut\u0117\u201c"}}]}},"authors":[{"term_id":249,"user_id":1,"is_guest":0,"slug":"rugute","display_name":"Labdaros ir paramos fondas \u201eRugut\u0117\u201c","avatar_url":{"url":"https:\/\/rugute.lt\/wp-content\/uploads\/2021\/09\/Rugute_logo-c.svg","url2x":"https:\/\/rugute.lt\/wp-content\/uploads\/2021\/09\/Rugute_logo-c.svg"},"0":null,"1":"","2":"","3":"","4":"","5":"","6":"","7":"","8":""}],"_links":{"self":[{"href":"https:\/\/rugute.lt\/en\/wp-json\/wp\/v2\/posts\/25471","targetHints":{"allow":["GET"]}}],"collection":[{"href":"https:\/\/rugute.lt\/en\/wp-json\/wp\/v2\/posts"}],"about":[{"href":"https:\/\/rugute.lt\/en\/wp-json\/wp\/v2\/types\/post"}],"author":[{"embeddable":true,"href":"https:\/\/rugute.lt\/en\/wp-json\/wp\/v2\/users\/1"}],"replies":[{"embeddable":true,"href":"https:\/\/rugute.lt\/en\/wp-json\/wp\/v2\/comments?post=25471"}],"version-history":[{"count":0,"href":"https:\/\/rugute.lt\/en\/wp-json\/wp\/v2\/posts\/25471\/revisions"}],"wp:featuredmedia":[{"embeddable":true,"href":"https:\/\/rugute.lt\/en\/wp-json\/wp\/v2\/media\/18036"}],"wp:attachment":[{"href":"https:\/\/rugute.lt\/en\/wp-json\/wp\/v2\/media?parent=25471"}],"wp:term":[{"taxonomy":"category","embeddable":true,"href":"https:\/\/rugute.lt\/en\/wp-json\/wp\/v2\/categories?post=25471"},{"taxonomy":"post_tag","embeddable":true,"href":"https:\/\/rugute.lt\/en\/wp-json\/wp\/v2\/tags?post=25471"},{"taxonomy":"author","embeddable":true,"href":"https:\/\/rugute.lt\/en\/wp-json\/wp\/v2\/ppma_author?post=25471"}],"curies":[{"name":"wp","href":"https:\/\/api.w.org\/{rel}","templated":true}]}}